{"id":83672,"date":"2025-08-19T08:15:00","date_gmt":"2025-08-19T14:15:00","guid":{"rendered":"https:\/\/zonaroja.com.mx\/?p=83672"},"modified":"2025-08-19T07:15:00","modified_gmt":"2025-08-19T13:15:00","slug":"renuncian-hijos-del-ex-gobernador-heladio-ramirez-uno-estaria-denunciado","status":"publish","type":"post","link":"https:\/\/zonaroja.com.mx\/?p=83672","title":{"rendered":"Renuncian hijos del ex gobernador Heladio Ram\u00edrez; uno estar\u00eda denunciado"},"content":{"rendered":"\n<p>Redacci\u00f3n\/Zona Roja Cdmx.<\/p>\n\n\n\n<p>Ciudad de M\u00e9xico, a 19 de agosto de 2025.- En la pol\u00edtica mexicana, pocas veces se registran coincidencias tan llamativas como la renuncia simult\u00e1nea de dos hermanos a cargos estrat\u00e9gicos dentro del gobierno federal.&nbsp;<\/p>\n\n\n\n<p>El 15 de agosto de 2025, los hermanos Luis Antonio y Heladio El\u00edas Ram\u00edrez Pineda presentaron su renuncia a cargos de alto nivel en el gobierno federal.&nbsp;<\/p>\n\n\n\n<p>La coincidencia llam\u00f3 la atenci\u00f3n en la esfera pol\u00edtica, pues ambos son hijos del exgobernador de Oaxaca, Heladio Ram\u00edrez L\u00f3pez.<\/p>\n\n\n\n<p>Luis Antonio dej\u00f3 la direcci\u00f3n de Nacional Financiera (Nafin), mientras que Heladio El\u00edas se retir\u00f3 de la Auditor\u00eda Superior de la Federaci\u00f3n (ASF).&nbsp;<\/p>\n\n\n\n<p>Aunque sus salidas ocurrieron el mismo d\u00eda, el primero asegur\u00f3 que no existe relaci\u00f3n entre ambas decisiones.<\/p>\n\n\n\n<p>En entrevista con \u201cLatinus\u201d, Luis Antonio Ram\u00edrez Pineda confirm\u00f3 que concluy\u00f3 su gesti\u00f3n como director general de Nafin el 15 de agosto. \u201cNo. El viernes 15 de agosto fue mi \u00faltimo d\u00eda\u201d, declar\u00f3.<\/p>\n\n\n\n<p>Su trayectoria en el actual sexenio inici\u00f3 en 2018 como director del Instituto de Seguridad y Servicios Sociales de los Trabajadores del Estado (ISSSTE). Posteriormente, asumi\u00f3 la direcci\u00f3n de Nafin y del Banco Nacional de Comercio Exterior (Bancomext).<\/p>\n\n\n\n<p>La Secretar\u00eda de Hacienda y Cr\u00e9dito P\u00fablico (SHCP) design\u00f3 a Roberto Lazzeri como su sucesor. Previamente ya circulaban versiones en columnas financieras sobre un relevo en la banca de desarrollo, se\u00f1alando que el secretario de Hacienda, \u00c9dgar Amador, buscaba colocar a un funcionario cercano en el cargo.<\/p>\n\n\n\n<p>CASO HELADIO EL\u00cdAS<\/p>\n\n\n\n<p>El mismo d\u00eda, Heladio El\u00edas Ram\u00edrez Pineda present\u00f3 su dimisi\u00f3n como director general jur\u00eddico de la Auditor\u00eda Superior de la Federaci\u00f3n (ASF).<\/p>\n\n\n\n<p>De acuerdo con el presidente de la Comisi\u00f3n de Vigilancia de la ASF en la C\u00e1mara de Diputados, el funcionario enfrentaba una queja interna: \u201cEra un funcionario que ten\u00eda una queja. Est\u00e1 documentada, eran temas de acoso\u2026 en alg\u00fan momento pidieron su renuncia\u201d, se\u00f1al\u00f3 el legislador.<\/p>\n\n\n\n<p>Incluso, el exfuncionario habr\u00eda tramitado un amparo como parte de su defensa. En su carta de renuncia, dirigida al auditor superior David Colmenares, agradeci\u00f3 la confianza y afirm\u00f3 que actu\u00f3 con apego a la \u00e9tica y la transparencia.<\/p>\n\n\n\n<p>Consultado sobre la doble dimisi\u00f3n, Luis Antonio Ram\u00edrez Pineda descart\u00f3 cualquier v\u00ednculo: \u201cLa renuncia presentada el mismo d\u00eda con mi hermano es solamente una coincidencia porque no est\u00e1n asociadas\u201d, explic\u00f3.<\/p>\n\n\n\n<p>Ambos hab\u00edan ocupado cargos relevantes en la administraci\u00f3n p\u00fablica desde el inicio del actual gobierno en 2018, consolidando la presencia de la familia en puestos estrat\u00e9gicos.<\/p>\n\n\n\n<p>Los hermanos provienen de una familia con amplia influencia pol\u00edtica en Oaxaca. Su padre, Heladio Ram\u00edrez L\u00f3pez, gobern\u00f3 la entidad entre 1986 y 1992 y form\u00f3 parte de las filas del Partido Revolucionario Institucional (PRI).<\/p>\n\n\n\n<p>Tanto Luis Antonio como Heladio El\u00edas tambi\u00e9n militaron en el PRI antes de incorporarse a la llamada Cuarta Transformaci\u00f3n. Durante d\u00e9cadas, los Ram\u00edrez Pineda han tenido presencia en el \u00e1mbito legislativo y en instituciones federales.<\/p>\n\n\n\n<p>Con estas renuncias, se cierra una etapa de participaci\u00f3n simult\u00e1nea de la familia en posiciones clave dentro del gobierno federal.<\/p>\n\n\n\n<p>(Informaci\u00f3n del peri\u00f3dico \u201cEje Central\u201d)<\/p>\n","protected":false},"excerpt":{"rendered":"<p>Redacci\u00f3n\/Zona Roja Cdmx. Ciudad de M\u00e9xico, a 19 de agosto de 2025.- En la pol\u00edtica&hellip;<\/p>\n","protected":false},"author":2,"featured_media":83669,"comment_status":"closed","ping_status":"open","sticky":false,"template":"","format":"standard","meta":{"_lmt_disableupdate":"","_lmt_disable":"","_jetpack_memberships_contains_paid_content":false,"footnotes":""},"categories":[109,47],"tags":[2775],"class_list":["post-83672","post","type-post","status-publish","format-standard","has-post-thumbnail","hentry","category-minuto-a-minuto","category-zona-gris","tag-luis-antonio-ramirez-pineda"],"jetpack_featured_media_url":"https:\/\/zonaroja.com.mx\/wp-content\/uploads\/2025\/08\/Luis-Antonio-y-Heladio-Ramirez-.webp","jetpack_sharing_enabled":true,"_links":{"self":[{"href":"https:\/\/zonaroja.com.mx\/index.php?rest_route=\/wp\/v2\/posts\/83672","targetHints":{"allow":["GET"]}}],"collection":[{"href":"https:\/\/zonaroja.com.mx\/index.php?rest_route=\/wp\/v2\/posts"}],"about":[{"href":"https:\/\/zonaroja.com.mx\/index.php?rest_route=\/wp\/v2\/types\/post"}],"author":[{"embeddable":true,"href":"https:\/\/zonaroja.com.mx\/index.php?rest_route=\/wp\/v2\/users\/2"}],"replies":[{"embeddable":true,"href":"https:\/\/zonaroja.com.mx\/index.php?rest_route=%2Fwp%2Fv2%2Fcomments&post=83672"}],"version-history":[{"count":1,"href":"https:\/\/zonaroja.com.mx\/index.php?rest_route=\/wp\/v2\/posts\/83672\/revisions"}],"predecessor-version":[{"id":83673,"href":"https:\/\/zonaroja.com.mx\/index.php?rest_route=\/wp\/v2\/posts\/83672\/revisions\/83673"}],"wp:featuredmedia":[{"embeddable":true,"href":"https:\/\/zonaroja.com.mx\/index.php?rest_route=\/wp\/v2\/media\/83669"}],"wp:attachment":[{"href":"https:\/\/zonaroja.com.mx\/index.php?rest_route=%2Fwp%2Fv2%2Fmedia&parent=83672"}],"wp:term":[{"taxonomy":"category","embeddable":true,"href":"https:\/\/zonaroja.com.mx\/index.php?rest_route=%2Fwp%2Fv2%2Fcategories&post=83672"},{"taxonomy":"post_tag","embeddable":true,"href":"https:\/\/zonaroja.com.mx\/index.php?rest_route=%2Fwp%2Fv2%2Ftags&post=83672"}],"curies":[{"name":"wp","href":"https:\/\/api.w.org\/{rel}","templated":true}]}}