{"id":83674,"date":"2025-08-19T09:15:00","date_gmt":"2025-08-19T15:15:00","guid":{"rendered":"https:\/\/zonaroja.com.mx\/?p=83674"},"modified":"2025-08-19T07:15:21","modified_gmt":"2025-08-19T13:15:21","slug":"dos-personas-con-discapacidad-de-oaxaca-logran-apoyo-del-centro-nacional-de-las-artes","status":"publish","type":"post","link":"https:\/\/zonaroja.com.mx\/?p=83674","title":{"rendered":"Dos personas con discapacidad de Oaxaca logran apoyo del Centro Nacional de las Artes"},"content":{"rendered":"\n<p>Lisbeth Mej\u00eda Reyes\/Zona Roja.<\/p>\n\n\n\n<p>Oaxaca, Oax., a 19 de agosto de 2025.- El artista con discapacidad visual Pedro Miranda Gij\u00f3n y el ex atleta paral\u00edmpico \u00c9dgar Cruz Luj\u00e1n fueron seleccionados para el Programa de Apoyo a la Producci\u00f3n e Investigaci\u00f3n en Arte, Medios y Discapacidad (PAPIAM-D) 2025.<\/p>\n\n\n\n<p>El programa, que impulsa la Secretar\u00eda de Cultura, trav\u00e9s de la Direcci\u00f3n General del Centro Nacional de las Artes (Cenart) y por conducto de la Direcci\u00f3n de Multimedia, dio a conocer este 18 de agosto los resultados de su convocatoria.<\/p>\n\n\n\n<p>En \u00e9sta, los oaxaque\u00f1os Pedro y \u00c9dgar son dos de las 18 personas de igual n\u00famero de proyectos seleccionados en las categor\u00edas de investigaci\u00f3n y producci\u00f3n, para lo cual tendr\u00e1n apoyos econ\u00f3micos y asesor\u00edas.<\/p>\n\n\n\n<p>\u00abCon entusiasmo les comunico que he ganado por segunda vez el premio nacional de las artes PAPIAM_D. Esta vez con un proyecto de murales\u00bb, comparti\u00f3 en sus redes sociales el artista Pedro Miranda.&nbsp;<\/p>\n\n\n\n<p>El tambi\u00e9n fot\u00f3grafo y artista gr\u00e1fico se\u00f1al\u00f3 que \u00abla alegr\u00eda es doble, pues \u00c9dgar Cruz Luj\u00e1n tambi\u00e9n gan\u00f3 el premio\u00bb, con lo que son dos oaxaque\u00f1os con discapacidad quienes obtienen este est\u00edmulo del Centro Nacional de las Artes y que les permitir\u00e1 producir su obra o proyectos.<\/p>\n\n\n\n<p>\u00abCon mucha alegr\u00eda, les comparto que hoy fui notificado de haber sido uno de los ganadores del premio nacional de las artes 2025. Hay un documental que yo ten\u00eda en mente desde hace algunos a\u00f1os y que hoy se podr\u00e1 realizar\u00bb, escribi\u00f3 \u00c9dgar, Premio Estatal del Deporte 2004, en sus redes sociales.<\/p>\n\n\n\n<p>En su p\u00e1gina web, el Cenart detall\u00f3 que fueron 63 las propuestas presentadas en la convocatoria y entre las cuales el Comit\u00e9 de Selecci\u00f3n eligi\u00f3 18 proyectos \u00aben virtud de que cumplieron con los criterios establecidos en las bases generales de participaci\u00f3n y fueron sobresalientes en sus propuestas\u00bb.<\/p>\n\n\n\n<p>Pedro Edgardo Miranda Gij\u00f3n es un artista gr\u00e1fico oaxaque\u00f1o, quien se ha desarrollado en la fotograf\u00eda, la escultura, la cer\u00e1mica, los textiles tradicionales, el te\u00f1ido con grana cochinilla, entre otras disciplinas y t\u00e9cnicas. Su obra se ha presentado en el Museo de Sitio Casa Ju\u00e1rez, la Biblioteca P\u00fablica del Estado de Oaxaca, la galer\u00eda de la Universidad Aut\u00f3noma Benito Ju\u00e1rez de Oaxaca, el Taller de Artes Pl\u00e1sticas Rufino Tamayo, la Galer\u00eda Arte de Oaxaca y Museo de los Pintores Oaxaque\u00f1os.<\/p>\n\n\n\n<p>\u00c9dgar Cruz Luj\u00e1n es un activista, abogado y atleta paral\u00edmpico ganador del Premio Estatal del Deporte 2004. Adem\u00e1s, se ha desempe\u00f1ado como coordinador del Centro para Ciegos Oaxaca.<\/p>\n\n\n\n<p>Ambos son parte de la poblaci\u00f3n con discapacidad del estado de Oaxaca. De acuerdo con las autoridades estatales, se estima que en la entidad son 298 mil 525 personas quienes tienen alg\u00fan tipo de discapacidad motriz, auditiva, visual, del habla o intelectual. Esto representa casi el 7% del total de la poblaci\u00f3n en el territorio oaxaque\u00f1o, que hasta el 2020 se estimaba en m\u00e1s de 4 millones. Entre la poblaci\u00f3n con alguna discapacidad, el 52.7% son mujeres y el 47.3% son hombres.<\/p>\n\n\n\n<p>Sin embargo, tanto en la entidad como en el pa\u00eds enfrentan condiciones adversas que limitan su acceso a la salud, a la educaci\u00f3n, al empleo y a una infraestructura acorde a sus necesidades, entre otros problemas.<\/p>\n","protected":false},"excerpt":{"rendered":"<p>Lisbeth Mej\u00eda Reyes\/Zona Roja. Oaxaca, Oax., a 19 de agosto de 2025.- El artista con&hellip;<\/p>\n","protected":false},"author":2,"featured_media":83675,"comment_status":"closed","ping_status":"open","sticky":false,"template":"","format":"standard","meta":{"_lmt_disableupdate":"","_lmt_disable":"","_jetpack_memberships_contains_paid_content":false,"footnotes":""},"categories":[109,46],"tags":[3866,4413],"class_list":["post-83674","post","type-post","status-publish","format-standard","has-post-thumbnail","hentry","category-minuto-a-minuto","category-zona-blanca","tag-edgar-cruz-lujan","tag-pedro-miranda-gijon"],"jetpack_featured_media_url":"https:\/\/zonaroja.com.mx\/wp-content\/uploads\/2025\/08\/Discapacitados-proyectos-ganan.jpeg","jetpack_sharing_enabled":true,"_links":{"self":[{"href":"https:\/\/zonaroja.com.mx\/index.php?rest_route=\/wp\/v2\/posts\/83674","targetHints":{"allow":["GET"]}}],"collection":[{"href":"https:\/\/zonaroja.com.mx\/index.php?rest_route=\/wp\/v2\/posts"}],"about":[{"href":"https:\/\/zonaroja.com.mx\/index.php?rest_route=\/wp\/v2\/types\/post"}],"author":[{"embeddable":true,"href":"https:\/\/zonaroja.com.mx\/index.php?rest_route=\/wp\/v2\/users\/2"}],"replies":[{"embeddable":true,"href":"https:\/\/zonaroja.com.mx\/index.php?rest_route=%2Fwp%2Fv2%2Fcomments&post=83674"}],"version-history":[{"count":1,"href":"https:\/\/zonaroja.com.mx\/index.php?rest_route=\/wp\/v2\/posts\/83674\/revisions"}],"predecessor-version":[{"id":83676,"href":"https:\/\/zonaroja.com.mx\/index.php?rest_route=\/wp\/v2\/posts\/83674\/revisions\/83676"}],"wp:featuredmedia":[{"embeddable":true,"href":"https:\/\/zonaroja.com.mx\/index.php?rest_route=\/wp\/v2\/media\/83675"}],"wp:attachment":[{"href":"https:\/\/zonaroja.com.mx\/index.php?rest_route=%2Fwp%2Fv2%2Fmedia&parent=83674"}],"wp:term":[{"taxonomy":"category","embeddable":true,"href":"https:\/\/zonaroja.com.mx\/index.php?rest_route=%2Fwp%2Fv2%2Fcategories&post=83674"},{"taxonomy":"post_tag","embeddable":true,"href":"https:\/\/zonaroja.com.mx\/index.php?rest_route=%2Fwp%2Fv2%2Ftags&post=83674"}],"curies":[{"name":"wp","href":"https:\/\/api.w.org\/{rel}","templated":true}]}}