{"id":83680,"date":"2025-08-19T11:15:00","date_gmt":"2025-08-19T17:15:00","guid":{"rendered":"https:\/\/zonaroja.com.mx\/?p=83680"},"modified":"2025-08-19T07:25:52","modified_gmt":"2025-08-19T13:25:52","slug":"trump-quiere-reunir-a-presidentes-de-rusia-y-de-ucrania","status":"publish","type":"post","link":"https:\/\/zonaroja.com.mx\/?p=83680","title":{"rendered":"Trump quiere reunir a presidentes de Rusia y de Ucrania"},"content":{"rendered":"\n<p>Redacci\u00f3n\/Zona Roja Cdmx.<\/p>\n\n\n\n<p>Ciudad de M\u00e9xico, a 19 de agosto de 2025.- El presidente estadunidense Donald Trump inform\u00f3 ayer que ya \u201cempez\u00f3\u201d los preparativos para una reuni\u00f3n entre sus pares ruso, Vladimir Putin, y ucranio, Volodymir Zelensky, con el fin de conversar sobre una v\u00eda para terminar la invasi\u00f3n de Rusia a Ucrania, al tiempo que se\u00f1al\u00f3 que Estados Unidos respaldar\u00eda garant\u00edas de seguridad europeas destinadas a evitar que Mosc\u00fa vuelva a invadir a su vecino una vez que el conflicto actual concluya.<\/p>\n\n\n\n<p>Los detalles de las garant\u00edas de seguridad y los intentos del mandatario estadunidense para organizar conversaciones de paz a\u00fan estaban en evoluci\u00f3n mientras conclu\u00eda una reuni\u00f3n entre Trump, Zelensky y dirigentes europeos en la Casa Blanca.<\/p>\n\n\n\n<p>Al salir de sus conversaciones, los l\u00edderes expresaron un optimismo cauteloso de que Trump pudiera estar dando impulso a sus intentos por cumplir su promesa de campa\u00f1a de poner fin a la prolongada guerra.<\/p>\n\n\n\n<p>El presidente de Estados Unidos sostuvo una reuni\u00f3n con Zelensky mucho m\u00e1s relajada que otra que mantuvieron en febrero pasado, cuando el jefe de la Casa Blanca y el vicepresidente, JD Vance, reprendieron p\u00fablicamente al mandatario ucranio por no mostrarse \u201cagradecido\u201d por el apoyo de Washington.<\/p>\n\n\n\n<p>Tras una breve comparecencia con la prensa, que se efectu\u00f3 despu\u00e9s del encuentro entre el jefe de la Casa Blanca y Zelensky, Trump comenz\u00f3 conversaciones con el gobernante ucranio y siete l\u00edderes europeos: el secretario general de la Organizaci\u00f3n del Tratado del Atl\u00e1ntico Norte, Mark Rutte; la presidenta de la Comisi\u00f3n Europea, Ursula von der Leyen; el primer ministro de Reino Unido, Keir Starmer; la premier de Italia, Giorgia Meloni; el presidente de Finlandia, Alexander Stubb; el canciller federal de Alemania, Friedrich Merz; y el mandatario de Francia, Emmanuel Macron.<\/p>\n\n\n\n<p>En redes sociales, el magnate indic\u00f3 que sus pl\u00e1ticas con Zelensky y sus aliados europeos resultaron \u201cmuy positivas\u201d y enfatiz\u00f3 que todos se mantienen optimistas frente a la posibilidad de alcanzar un acuerdo de paz entre Mosc\u00fa y Kiev.<\/p>\n\n\n\n<p>El desenlace \u201cm\u00e1s importante\u201d fue el \u201ccompromiso de Estados Unidos de trabajar con nosotros en proporcionar garant\u00edas de seguridad\u201d, indic\u00f3 el presidente franc\u00e9s Emmanuel Macron a los periodistas.<\/p>\n\n\n\n<p>El jefe de la Casa Blanca indic\u00f3 que seguir\u00e1 adelante con los arreglos para una reuni\u00f3n entre Zelensky y Putin. Habl\u00f3 por tel\u00e9fono con el presidente ruso durante 40 minutos y para ello interrumpi\u00f3 las conversaciones con el l\u00edder ucranio y los dirigentes europeos.<\/p>\n\n\n\n<p>\u201cLlam\u00e9 al presidente ruso y comenc\u00e9 los preparativos para una reuni\u00f3n, en un lugar por determinar, entre los mandatarios Putin y Zelensky\u201d, se\u00f1al\u00f3 Trump en redes sociales.<\/p>\n\n\n\n<p>\u201cDespu\u00e9s de que se lleve a cabo esa reuni\u00f3n, tendremos un (encuentro) trilateral, en el que estar\u00edan los dos presidentes, y adem\u00e1s yo. Una vez m\u00e1s, este fue un muy buen paso inicial para detener una guerra que se ha extendido casi cuatro a\u00f1os.\u201d<\/p>\n\n\n\n<p>Indic\u00f3 que el encuentro con ambos mandatarios podr\u00eda efectuarse \u201cen dos o tres semanas\u201d.<\/p>\n\n\n\n<p>(Informaci\u00f3n de \u201cLa Jornada\u201d)<\/p>\n","protected":false},"excerpt":{"rendered":"<p>Redacci\u00f3n\/Zona Roja Cdmx. Ciudad de M\u00e9xico, a 19 de agosto de 2025.- El presidente estadunidense&hellip;<\/p>\n","protected":false},"author":2,"featured_media":83681,"comment_status":"closed","ping_status":"open","sticky":false,"template":"","format":"standard","meta":{"_lmt_disableupdate":"","_lmt_disable":"","_jetpack_memberships_contains_paid_content":false,"footnotes":""},"categories":[109,46],"tags":[3025,1060,4018],"class_list":["post-83680","post","type-post","status-publish","format-standard","has-post-thumbnail","hentry","category-minuto-a-minuto","category-zona-blanca","tag-conflicto-ucrania-rusia","tag-donald-trump","tag-vladimir-putin"],"jetpack_featured_media_url":"https:\/\/zonaroja.com.mx\/wp-content\/uploads\/2025\/08\/Trump-Putin-y-Selensky.jpeg","jetpack_sharing_enabled":true,"_links":{"self":[{"href":"https:\/\/zonaroja.com.mx\/index.php?rest_route=\/wp\/v2\/posts\/83680","targetHints":{"allow":["GET"]}}],"collection":[{"href":"https:\/\/zonaroja.com.mx\/index.php?rest_route=\/wp\/v2\/posts"}],"about":[{"href":"https:\/\/zonaroja.com.mx\/index.php?rest_route=\/wp\/v2\/types\/post"}],"author":[{"embeddable":true,"href":"https:\/\/zonaroja.com.mx\/index.php?rest_route=\/wp\/v2\/users\/2"}],"replies":[{"embeddable":true,"href":"https:\/\/zonaroja.com.mx\/index.php?rest_route=%2Fwp%2Fv2%2Fcomments&post=83680"}],"version-history":[{"count":1,"href":"https:\/\/zonaroja.com.mx\/index.php?rest_route=\/wp\/v2\/posts\/83680\/revisions"}],"predecessor-version":[{"id":83682,"href":"https:\/\/zonaroja.com.mx\/index.php?rest_route=\/wp\/v2\/posts\/83680\/revisions\/83682"}],"wp:featuredmedia":[{"embeddable":true,"href":"https:\/\/zonaroja.com.mx\/index.php?rest_route=\/wp\/v2\/media\/83681"}],"wp:attachment":[{"href":"https:\/\/zonaroja.com.mx\/index.php?rest_route=%2Fwp%2Fv2%2Fmedia&parent=83680"}],"wp:term":[{"taxonomy":"category","embeddable":true,"href":"https:\/\/zonaroja.com.mx\/index.php?rest_route=%2Fwp%2Fv2%2Fcategories&post=83680"},{"taxonomy":"post_tag","embeddable":true,"href":"https:\/\/zonaroja.com.mx\/index.php?rest_route=%2Fwp%2Fv2%2Ftags&post=83680"}],"curies":[{"name":"wp","href":"https:\/\/api.w.org\/{rel}","templated":true}]}}