{"id":83683,"date":"2025-08-19T12:15:00","date_gmt":"2025-08-19T18:15:00","guid":{"rendered":"https:\/\/zonaroja.com.mx\/?p=83683"},"modified":"2025-08-19T07:39:05","modified_gmt":"2025-08-19T13:39:05","slug":"con-develacion-de-un-nuevo-telon-teatro-alcala-comienza-festejos-por-116-anos","status":"publish","type":"post","link":"https:\/\/zonaroja.com.mx\/?p=83683","title":{"rendered":"Con develaci\u00f3n de un nuevo tel\u00f3n, teatro Alcal\u00e1 comienza festejos por 116 a\u00f1os\u00a0"},"content":{"rendered":"\n<p>Lisbeth Mej\u00eda Reyes\/Zona Roja.<\/p>\n\n\n\n<p>Oaxaca, Oax., a 19 de agosto de 2025.- Con la develaci\u00f3n del tel\u00f3n \u00ab\u00d1\u00fa\u00fa N\u00fand\u00fava\u00bb (\u00abOaxaca\u00bb), creado por el artista mixteco Jos\u00e9 Luis Garc\u00eda, el teatro \u201cMacedonio Alcal\u00e1\u201d comienza este 19 de agosto los festejos por el aniversario 116 de su inauguraci\u00f3n<\/p>\n\n\n\n<p>La obra del autor originario de Huajuapan de Le\u00f3n (1955) plasma a diversas figuras emblem\u00e1ticas del estado o que han dejado huella en la historia de la entidad.&nbsp;<\/p>\n\n\n\n<p>Entre \u00e9stas, a Eduardo Mata, Macedonio Alcal\u00e1, Rodolfo Morales, Rufino Tamayo y Jos\u00e9 Vasconcelos, adelant\u00f3 Esteban San Juan Maldonado, director del recinto centenario.<\/p>\n\n\n\n<p>La presentaci\u00f3n del nuevo y segundo tel\u00f3n del teatro ser\u00e1 este martes por la noche a trav\u00e9s de una ceremonia en la que estar\u00e1n el autor, adem\u00e1s de las y los mecenas o patrocinadores de la obra.&nbsp;<\/p>\n\n\n\n<p>Para la develaci\u00f3n se ha preparado un programa especial con la participaci\u00f3n de la cantante oaxaque\u00f1a Lila Downs y la bailarina Elisa Carrillo.<\/p>\n\n\n\n<p>\u00abHa sido toda una experiencia porque este tel\u00f3n va a ser un parteaguas para que las y los artistas pl\u00e1sticos de Oaxaca pueden participar o colaborar con el teatro\u00bb, se\u00f1ala el director del recinto.<\/p>\n\n\n\n<p>Este tel\u00f3n va a ser el segundo de boca escena en importancia, explica en entrevista el director, al se\u00f1alar que el primero es una alegor\u00eda del Parten\u00f3n y el monte Parnaso. \u00abEsto ha sido verdaderamente un esfuerzo tit\u00e1nico del maestro Jos\u00e9 Luis y las dimensiones son de aproximadamente 13.5 por siete metros de alto\u00bb, apunta.<\/p>\n\n\n\n<p>Ser\u00e1 el pr\u00f3ximo 5 de septiembre cuando el teatro \u201cMacedonio Alcal\u00e1\u201d de Oaxaca celebre sus 116 a\u00f1os de inauguraci\u00f3n, pues fue abierto al p\u00fablico en el a\u00f1o 1909.<\/p>\n\n\n\n<p>En la p\u00e1gina de la red Ola (\u00d3pera Latinoamericana), de la que es parte desde 2019, se se\u00f1ala que el teatro comenz\u00f3 a edificarse el 4 de agosto de 1904, por instrucciones del militar Rodolfo Franco Larrainzar, quien era ingeniero del gobierno estatal en ese per\u00edodo.<\/p>\n\n\n\n<p>Su primer nombre fue Teatro Casino \u201cLuis Mier y Ter\u00e1n\u201d, pero en tiempos de la Revoluci\u00f3n se rebautiz\u00f3 como \u201cGeneral Jes\u00fas Carranza\u201d. M\u00e1s tarde, en la d\u00e9cada de los a\u00f1os 1930, se le nombr\u00f3 \u201cMacedonio Alcal\u00e1\u201d, en honor al m\u00fasico y compositor mexicano autor del vals \u00abDios nunca muere\u00bb, considerado el himno no oficial de las y los oaxaque\u00f1os.<\/p>\n\n\n\n<p>En sus m\u00e1s de 100 a\u00f1os, el teatro ha sido sede de diversos espect\u00e1culos y eventos, entre obras de teatro, funciones de lucha libre y de cine, graduaciones escolares, conciertos, entre otros.&nbsp;<\/p>\n\n\n\n<p>En los \u00faltimos a\u00f1os, se ha procurado que se mantenga su vocaci\u00f3n art\u00edstica y cultural con los recitales de la Orquesta Sinf\u00f3nica de Oaxaca, presentaciones de danza y teatro, as\u00ed como conciertos.<\/p>\n","protected":false},"excerpt":{"rendered":"<p>Lisbeth Mej\u00eda Reyes\/Zona Roja. Oaxaca, Oax., a 19 de agosto de 2025.- Con la develaci\u00f3n&hellip;<\/p>\n","protected":false},"author":2,"featured_media":82832,"comment_status":"closed","ping_status":"open","sticky":false,"template":"","format":"standard","meta":{"_lmt_disableupdate":"","_lmt_disable":"","_jetpack_memberships_contains_paid_content":false,"footnotes":""},"categories":[109,46],"tags":[4414],"class_list":["post-83683","post","type-post","status-publish","format-standard","has-post-thumbnail","hentry","category-minuto-a-minuto","category-zona-blanca","tag-teatro-macedonio-alcala"],"jetpack_featured_media_url":"https:\/\/zonaroja.com.mx\/wp-content\/uploads\/2025\/07\/Teatro-Macedonio-Alcala.jpg","jetpack_sharing_enabled":true,"_links":{"self":[{"href":"https:\/\/zonaroja.com.mx\/index.php?rest_route=\/wp\/v2\/posts\/83683","targetHints":{"allow":["GET"]}}],"collection":[{"href":"https:\/\/zonaroja.com.mx\/index.php?rest_route=\/wp\/v2\/posts"}],"about":[{"href":"https:\/\/zonaroja.com.mx\/index.php?rest_route=\/wp\/v2\/types\/post"}],"author":[{"embeddable":true,"href":"https:\/\/zonaroja.com.mx\/index.php?rest_route=\/wp\/v2\/users\/2"}],"replies":[{"embeddable":true,"href":"https:\/\/zonaroja.com.mx\/index.php?rest_route=%2Fwp%2Fv2%2Fcomments&post=83683"}],"version-history":[{"count":1,"href":"https:\/\/zonaroja.com.mx\/index.php?rest_route=\/wp\/v2\/posts\/83683\/revisions"}],"predecessor-version":[{"id":83684,"href":"https:\/\/zonaroja.com.mx\/index.php?rest_route=\/wp\/v2\/posts\/83683\/revisions\/83684"}],"wp:featuredmedia":[{"embeddable":true,"href":"https:\/\/zonaroja.com.mx\/index.php?rest_route=\/wp\/v2\/media\/82832"}],"wp:attachment":[{"href":"https:\/\/zonaroja.com.mx\/index.php?rest_route=%2Fwp%2Fv2%2Fmedia&parent=83683"}],"wp:term":[{"taxonomy":"category","embeddable":true,"href":"https:\/\/zonaroja.com.mx\/index.php?rest_route=%2Fwp%2Fv2%2Fcategories&post=83683"},{"taxonomy":"post_tag","embeddable":true,"href":"https:\/\/zonaroja.com.mx\/index.php?rest_route=%2Fwp%2Fv2%2Ftags&post=83683"}],"curies":[{"name":"wp","href":"https:\/\/api.w.org\/{rel}","templated":true}]}}