{"id":83685,"date":"2025-08-19T11:40:00","date_gmt":"2025-08-19T17:40:00","guid":{"rendered":"https:\/\/zonaroja.com.mx\/?p=83685"},"modified":"2025-08-19T07:43:27","modified_gmt":"2025-08-19T13:43:27","slug":"califica-senador-como-historica-la-reduccion-de-la-pobreza-en-mexico","status":"publish","type":"post","link":"https:\/\/zonaroja.com.mx\/?p=83685","title":{"rendered":"Califica senador como hist\u00f3rica la reducci\u00f3n de la pobreza en M\u00e9xico"},"content":{"rendered":"\n<p>Redacci\u00f3n\/Zona Roja.<\/p>\n\n\n\n<p>Oaxaca, Oax., a 19 de agosto de 2025.- Nada lograr\u00e1 empa\u00f1ar la trascendental reducci\u00f3n de la pobreza en el pa\u00eds, un logro hist\u00f3rico del expresidente Andr\u00e9s Manuel L\u00f3pez Obrador, afirm\u00f3 el senador oaxaque\u00f1o Antonino Morales Toledo, quien a\u00f1adi\u00f3 que, con el uso de bots en redes sociales, la derecha intenta imponerse en la agenda p\u00fablica.<\/p>\n\n\n\n<p>\u201cNo quieren que el pueblo siga hablando sobre el \u00e9xito del modelo econ\u00f3mico del humanismo mexicano; no quieren que se recuerde que Fox y Calder\u00f3n recibieron much\u00edsimos ingresos petroleros y no tuvieron un resultado como AMLO, quien enfrent\u00f3 la primera pandemia del siglo 21 y la consecuente recesi\u00f3n mundial\u00bb, dijo.<\/p>\n\n\n\n<p>El legislador zapoteco resalt\u00f3 que el combate a la pobreza con el nuevo modelo de desarrollo basado en el humanismo es un triunfo hist\u00f3rico, porque desde hace casi 40 a\u00f1os cuando iniciaron los programas sociales y la medici\u00f3n de sus resultados, no se hab\u00edan conseguido resultados exitosos como ahora.<\/p>\n\n\n\n<p>Acus\u00f3 a los gobiernos de Carlos Salinas, Ernesto Zedillo, Vicente Fox, Felipe Calder\u00f3n y al de Enrique Pe\u00f1a Nieto de haber desperdiciado cuatro d\u00e9cadas de pol\u00edticas neoliberales, con programas focalizados de corte clientelar, en vez de enfrentar las causas estructurales que motivaron el estancamiento de millones de pobres.<\/p>\n\n\n\n<p>\u201cEl licenciado Andr\u00e9s Manuel L\u00f3pez Obrador siempre dijo que primero los pobres y por ello se llevaron a la Constituci\u00f3n los programas sociales, sin sesgos, para todos y con transferencias que han hecho la diferencia para salir de la pobreza, junto con inversiones millonarias en infraestructura y un aumento real al salario m\u00ednimo que pas\u00f3 de los 88 pesos en que lo dej\u00f3 Pe\u00f1a Nieto a 248.93 pesos\u201d, precis\u00f3 Morales Toledo.<\/p>\n\n\n\n<p>El legislador dijo que tan solo Oaxaca dej\u00f3 de ser el estado m\u00e1s pobre del pa\u00eds, por encima de Guerrero y Chiapas, al reducir la pobreza en 6.8% y 4% la pobreza extrema, que significan un universo de 445 mil personas, de una poblaci\u00f3n de poco m\u00e1s de 4.1 millones de habitantes.<\/p>\n\n\n\n<p>Puntualiz\u00f3 que el \u00faltimo gobierno neoliberal de Pe\u00f1a Nieto hered\u00f3 todav\u00eda m\u00e1s pobres, pues seg\u00fan estudios del Coneval la pobreza moderada aument\u00f3 al t\u00e9rmino de su gobierno en 2.2 millones.<\/p>\n\n\n\n<p>\u201cLa doctora Claudia Sheinbaum est\u00e1 reforzando esta pol\u00edtica basada en un modelo humanista, el salario sigue creciendo y las inversiones fluyen con el Plan M\u00e9xico, por lo que no es de extra\u00f1ar que la pobreza siga cayendo porque estamos en el segundo piso de la Cuarta Transformaci\u00f3n\u201d, finaliz\u00f3 Nino Morales.<\/p>\n","protected":false},"excerpt":{"rendered":"<p>Redacci\u00f3n\/Zona Roja. Oaxaca, Oax., a 19 de agosto de 2025.- Nada lograr\u00e1 empa\u00f1ar la trascendental&hellip;<\/p>\n","protected":false},"author":2,"featured_media":83686,"comment_status":"closed","ping_status":"open","sticky":false,"template":"","format":"standard","meta":{"_lmt_disableupdate":"","_lmt_disable":"","_jetpack_memberships_contains_paid_content":false,"footnotes":""},"categories":[109,46],"tags":[180],"class_list":["post-83685","post","type-post","status-publish","format-standard","has-post-thumbnail","hentry","category-minuto-a-minuto","category-zona-blanca","tag-antonino-morales-toledo"],"jetpack_featured_media_url":"https:\/\/zonaroja.com.mx\/wp-content\/uploads\/2025\/08\/Antonino-Morales-T.jpeg","jetpack_sharing_enabled":true,"_links":{"self":[{"href":"https:\/\/zonaroja.com.mx\/index.php?rest_route=\/wp\/v2\/posts\/83685","targetHints":{"allow":["GET"]}}],"collection":[{"href":"https:\/\/zonaroja.com.mx\/index.php?rest_route=\/wp\/v2\/posts"}],"about":[{"href":"https:\/\/zonaroja.com.mx\/index.php?rest_route=\/wp\/v2\/types\/post"}],"author":[{"embeddable":true,"href":"https:\/\/zonaroja.com.mx\/index.php?rest_route=\/wp\/v2\/users\/2"}],"replies":[{"embeddable":true,"href":"https:\/\/zonaroja.com.mx\/index.php?rest_route=%2Fwp%2Fv2%2Fcomments&post=83685"}],"version-history":[{"count":1,"href":"https:\/\/zonaroja.com.mx\/index.php?rest_route=\/wp\/v2\/posts\/83685\/revisions"}],"predecessor-version":[{"id":83687,"href":"https:\/\/zonaroja.com.mx\/index.php?rest_route=\/wp\/v2\/posts\/83685\/revisions\/83687"}],"wp:featuredmedia":[{"embeddable":true,"href":"https:\/\/zonaroja.com.mx\/index.php?rest_route=\/wp\/v2\/media\/83686"}],"wp:attachment":[{"href":"https:\/\/zonaroja.com.mx\/index.php?rest_route=%2Fwp%2Fv2%2Fmedia&parent=83685"}],"wp:term":[{"taxonomy":"category","embeddable":true,"href":"https:\/\/zonaroja.com.mx\/index.php?rest_route=%2Fwp%2Fv2%2Fcategories&post=83685"},{"taxonomy":"post_tag","embeddable":true,"href":"https:\/\/zonaroja.com.mx\/index.php?rest_route=%2Fwp%2Fv2%2Ftags&post=83685"}],"curies":[{"name":"wp","href":"https:\/\/api.w.org\/{rel}","templated":true}]}}