{"id":83688,"date":"2025-08-20T12:15:00","date_gmt":"2025-08-20T18:15:00","guid":{"rendered":"https:\/\/zonaroja.com.mx\/?p=83688"},"modified":"2025-08-20T07:25:39","modified_gmt":"2025-08-20T13:25:39","slug":"opinion-en-el-nombre-del-pueblo","status":"publish","type":"post","link":"https:\/\/zonaroja.com.mx\/?p=83688","title":{"rendered":"Opini\u00f3n. En el nombre del pueblo"},"content":{"rendered":"\n<p>N\u00e9stor Y. S\u00e1nchez Islas<\/p>\n\n\n\n<p>Mis recuerdos personales no van m\u00e1s atr\u00e1s que el sexenio de Luis Echeverr\u00eda,&nbsp;pero con este presidente me basta y sobra&nbsp;para saber de demagogia.&nbsp;Crecer en un hogar dedicado al periodismo te hace sensible y te vuelve atento&nbsp;a lo que sucede en pol\u00edtica. Al lado de mi padre escuch\u00e9 casi por completo la mayor\u00eda de los informes presidenciales de aquel gran demagogo quedej\u00f3 al pa\u00eds en ruinas, pero&nbsp;siempre con la dispensa en la boca: todo lo hizo en nombre del pueblo.<\/p>\n\n\n\n<p>Con los a\u00f1os&nbsp;conoc\u00ed la historia de la revoluci\u00f3n mexicana, el r\u00e9gimen que hizo del pueblo su motivo&nbsp;e&nbsp;inspiraci\u00f3n. Bueno, as\u00ed&nbsp;nos lo hac\u00edan creer nuestros maestros con el cuento de aquella historia de bronce inventada por el r\u00e9gimen.&nbsp;Zapata, Villa y Carranza fueron la personalizaci\u00f3n de aquel mentado pueblo, una mezcla de campesinos, obreros y militares.<\/p>\n\n\n\n<p>El viejo partido convirti\u00f3 esa palabra de significado abstracto&nbsp;y gen\u00e9rico en una&nbsp;palabra&nbsp;sagrada.&nbsp;As\u00ed, con el avance del siglo XX, pas\u00f3 de ser&nbsp;identificada con campesinos y obreros a convertirse en una masa amorfa que solo serv\u00eda para justificar las decisiones del r\u00e9gimen.&nbsp;Esa masa ten\u00eda una&nbsp;sola voz y voluntad, la del presidente&nbsp;que encarnaba todas la sabidur\u00eda y virtudes de lo que hoy el r\u00e9gimen denomina pueblo&nbsp;bueno&nbsp;y que utiliza h\u00e1bilmente para invisibilizar los problemas sociales y econ\u00f3micos por los que atravesamos ahora que, seg\u00fan el gobierno,&nbsp;ya casi no hay mexicanos pobres, pero si&nbsp;somos&nbsp;pobres mexicanos.&nbsp;Hoy como ayer,&nbsp;la invocaci\u00f3n del pueblo es el oportunismo del&nbsp;gobernante.<\/p>\n\n\n\n<p>De aquel demagogo siniestro, Echeverr\u00eda, no olvido sus largos discursos que duraban horas, la verborrea que padec\u00eda&nbsp;era una medicina obligatoria para todos. Invocaba al pueblo para todo,&nbsp;como hoy lo hace la presidenta o el gobernador. No fue L\u00f3pez quien invent\u00f3 aquello de \u201cel pueblo manda, el pueblo pone y el pueblo quita\u201d.&nbsp;No fue L\u00f3pez quien, originalmente,&nbsp;convirti\u00f3 al pueblo en esa masa hegem\u00f3nica y llena de virtudes y a sus cr\u00edticos en contrarrevolucionarios, conservadores o fif\u00eds.<\/p>\n\n\n\n<p>S\u00ed el pueblo es la raz\u00f3n de lo que hacen nuestros gobernantes, \u00bfDe qu\u00e9 nos preocupamos?&nbsp;No seamos envidiosos, el&nbsp;hecho de&nbsp;que el gobernador tenga&nbsp;a&nbsp;su disposici\u00f3n una lujosa camioneta en CDMX con un valor superior a los 2.5&nbsp;millones&nbsp;no es otra cosa&nbsp;que el espacio sereno que necesita para pensar en nosotros, la tranquilidad que le da el contacto con los asientos de fina piel, el techo panor\u00e1mico,&nbsp;su c\u00e1lida iluminaci\u00f3n interior&nbsp;y envolvente sonido&nbsp;para planear las futuras pol\u00edticas de gobierno&nbsp;que su amado pueblo necesita.<\/p>\n\n\n\n<p>El pueblo, o sea nosotros, somos la raz\u00f3n de que Andy L\u00f3pez Beltr\u00e1n se d\u00e9 unas vacaciones de lujo por Jap\u00f3n despu\u00e9s de sus extenuantes jornadas de trabajo al frente del partido propiedad de su pap\u00e1.&nbsp;O&nbsp;que&nbsp;Ricardo Monreal&nbsp;vaya a hospedarse al hotel de mayor lujo en Madrid porque no quiere arriesgarse a viajar a los Estados&nbsp;Unidos, no vaya a ser que su trabajo por el pueblo de M\u00e9xico le haya llevado a cometer algunos pecadillos a favor del crimen organizado.<\/p>\n\n\n\n<p>Nosotros, el pueblo, vimos como el gobierno estatal se gast\u00f3 m\u00e1s de $160 millones de pesos en la Guelaguetza y, para que todos estuvi\u00e9ramos contentos pag\u00f3 $24 millones solo para&nbsp;rentar&nbsp;bocinas y luces al auditorio.&nbsp;Tambi\u00e9n, por supuesto, pensando en el bienestar de todos los oaxaque\u00f1os, mandaron a hacer unos horribles monos para colocar en el andador tur\u00edstico y el z\u00f3calo.&nbsp;Seguro que s\u00ed, gracias&nbsp;a ese millonario gasto alg\u00fan oaxaque\u00f1o sali\u00f3 de la pobreza.<\/p>\n\n\n\n<p>En nuestro nombre, la c\u00fapula del poder se involucra con el crimen organizado. No vayan a creer que Ad\u00e1n Augusto, ego\u00edstamente solo pens\u00f3 en \u00e9l, o que la diputada dato protegido y su se\u00f1or esposo tiene un car\u00edsimo guardarropa por otro motivo que no sea el beneficio del pa\u00eds. O que AMLO arras\u00f3 con el poder judicial para llevar a los pueblos ind\u00edgenas y los pobres al supremo Poder Judicial a trav\u00e9s de un peque\u00f1o t\u00edtere que solo velar\u00e1 por la eternizaci\u00f3n de su movimiento en el poder. No, no saquemos consecuencias anticipadas.<\/p>\n\n\n\n<p>El pueblo de Echeverr\u00eda y el pueblo de&nbsp;la 4T&nbsp;son espejos ret\u00f3ricos que reflejan m\u00e1s la necesidad del gobernante de legitimarse que la diversidad real de la sociedad mexicana. En ambos casos, el pueblo es invocado, pero rara vez escuchado. El riesgo es el mismo: cuando un gobernante dice ser la voz del pueblo, la democracia se convierte en un mon\u00f3logo.&nbsp;<\/p>\n\n\n\n<p>Al final, la b\u00fasqueda del poder eterno invocando al pueblo,&nbsp;tendr\u00e1&nbsp;un l\u00edmite. Y ese l\u00edmite&nbsp;ser\u00e1&nbsp;la econom\u00eda. Estamos mal, se invoca al&nbsp;pueblo,&nbsp;pero no se invierte en&nbsp;ciudades y carreteras.&nbsp;Se crean m\u00e1s d\u00e1divas, pero se entorpece la generaci\u00f3n de riqueza.&nbsp;La gente&nbsp;ya los se\u00f1ala en redes&nbsp;por anular a la sociedad civil, evadir responsabilidades,&nbsp;estigmatizar, dividir&nbsp;y acabar con la incipiente democracia mexicana\u2026 en el nombre del pueblo.<\/p>\n\n\n\n<p>nestoryuri@yahoo.com<\/p>\n","protected":false},"excerpt":{"rendered":"<p>N\u00e9stor Y. S\u00e1nchez Islas Mis recuerdos personales no van m\u00e1s atr\u00e1s que el sexenio de&hellip;<\/p>\n","protected":false},"author":2,"featured_media":67897,"comment_status":"closed","ping_status":"open","sticky":false,"template":"","format":"standard","meta":{"_lmt_disableupdate":"","_lmt_disable":"","_jetpack_memberships_contains_paid_content":false,"footnotes":""},"categories":[456,109],"tags":[3050],"class_list":["post-83688","post","type-post","status-publish","format-standard","has-post-thumbnail","hentry","category-columna","category-minuto-a-minuto","tag-nestor-yuri-sanchez"],"jetpack_featured_media_url":"https:\/\/zonaroja.com.mx\/wp-content\/uploads\/2024\/05\/Opinion-Nestor-Yuri-Sanchez.jpeg","jetpack_sharing_enabled":true,"_links":{"self":[{"href":"https:\/\/zonaroja.com.mx\/index.php?rest_route=\/wp\/v2\/posts\/83688","targetHints":{"allow":["GET"]}}],"collection":[{"href":"https:\/\/zonaroja.com.mx\/index.php?rest_route=\/wp\/v2\/posts"}],"about":[{"href":"https:\/\/zonaroja.com.mx\/index.php?rest_route=\/wp\/v2\/types\/post"}],"author":[{"embeddable":true,"href":"https:\/\/zonaroja.com.mx\/index.php?rest_route=\/wp\/v2\/users\/2"}],"replies":[{"embeddable":true,"href":"https:\/\/zonaroja.com.mx\/index.php?rest_route=%2Fwp%2Fv2%2Fcomments&post=83688"}],"version-history":[{"count":1,"href":"https:\/\/zonaroja.com.mx\/index.php?rest_route=\/wp\/v2\/posts\/83688\/revisions"}],"predecessor-version":[{"id":83689,"href":"https:\/\/zonaroja.com.mx\/index.php?rest_route=\/wp\/v2\/posts\/83688\/revisions\/83689"}],"wp:featuredmedia":[{"embeddable":true,"href":"https:\/\/zonaroja.com.mx\/index.php?rest_route=\/wp\/v2\/media\/67897"}],"wp:attachment":[{"href":"https:\/\/zonaroja.com.mx\/index.php?rest_route=%2Fwp%2Fv2%2Fmedia&parent=83688"}],"wp:term":[{"taxonomy":"category","embeddable":true,"href":"https:\/\/zonaroja.com.mx\/index.php?rest_route=%2Fwp%2Fv2%2Fcategories&post=83688"},{"taxonomy":"post_tag","embeddable":true,"href":"https:\/\/zonaroja.com.mx\/index.php?rest_route=%2Fwp%2Fv2%2Ftags&post=83688"}],"curies":[{"name":"wp","href":"https:\/\/api.w.org\/{rel}","templated":true}]}}