{"id":8369,"date":"2020-02-03T20:33:56","date_gmt":"2020-02-04T02:33:56","guid":{"rendered":"http:\/\/www.zonaroja.com.mx\/?p=8369"},"modified":"2020-02-03T20:35:08","modified_gmt":"2020-02-04T02:35:08","slug":"cede-yaitepec-en-bloqueo-pero-insiste-en-renuncia-de-funcionarios","status":"publish","type":"post","link":"https:\/\/zonaroja.com.mx\/?p=8369","title":{"rendered":"Cede Yaitepec en bloqueo, pero insiste en renuncia de funcionarios"},"content":{"rendered":"\n<p>Yuridiana Sosa\/Zona Roja.<\/p>\n\n\n\n<p>Oaxaca de Ju\u00e1rez, Oax., 3 de febrero de\n2020.- Pobladores de Santiago Yaitepec acordaron \u201cen un acto de buena voluntad\u201d,\npermitir el paso cada dos horas, de veh\u00edculos y personas, en el paraje \u201cR\u00edo\nManteca\u201d, a fin de dar paso al di\u00e1logo con el Gobierno del Estado.<\/p>\n\n\n\n<p>Sin embargo, en un comunicado,\ninsistieron en la renuncia de funcionarios, entre ellos el titular de la\nFiscal\u00eda General del Estado, Rub\u00e9n Vasconcelos M\u00e9ndez.<\/p>\n\n\n\n<p>Como lo anunciaron ayer, desde las\nprimeras horas de este lunes comenzaron una jornada de lucha indefinida para\nlograr la liberaci\u00f3n inmediata de su presidente municipal, Roberto Santiago\nSalinas, aprehendido el pasado 30 de enero.<\/p>\n\n\n\n<p>A trav\u00e9s de un nuevo comunicado, la\nasamblea general del pueblo demand\u00f3 a las autoridades estatales arribar hasta\nsu comunidad para solucionar el conflicto de forma presencial con los afectados.<\/p>\n\n\n\n<p>El presidente municipal fue acusado del\ndelito de robo calificado con violencia moral, que a pesar que no amerita\npresi\u00f3n preventiva, la Fiscal\u00eda General del Estado logr\u00f3 que un juez de Puerto\nEscondido lo ordenara.<\/p>\n\n\n\n<p>Por esta presunta violaci\u00f3n a sus\nderechos y porque el delito tampoco se ha acreditado, la comunidad de Yaitepec\nexige la intervenci\u00f3n del gobierno federal, a trav\u00e9s de la Secretar\u00eda de\nGobernaci\u00f3n y a la Comisi\u00f3n Nacional de Derechos Humanos, por otras violaciones\nque afectan a la comunidad en general.<\/p>\n\n\n\n<p>Los habitantes de Yaitepec expusieron a\nlas autoridades federales en el abandono institucional con la falta de\nservicios p\u00fablicos del gobierno, como es para el caso de acceso a la Fiscal\u00eda,\nRegistr\u00f3 Civil, Universidades y hasta de servicios a la sociedad como el\ninternet, que se concentran en Juquila.<\/p>\n\n\n\n<p>La inconformidad se centra en la\ncancelaci\u00f3n inmediata de las \u00f3rdenes de aprehensi\u00f3n y carpetas de investigaci\u00f3n\nen contra del edil, pero tambi\u00e9n exigen la renuncia del fiscal, Rub\u00e9n Vasconcelos\nMendez, y la destituci\u00f3n del Vicefiscal con sede en Juquila, a quienes acusan\nde corrupci\u00f3n y v\u00ednculos directos con la delincuencia organizada y fabricaci\u00f3n\nde delitos. Adem\u00e1s de la salida del Secretario General de Gobierno de Oaxaca,\nH\u00e9ctor Anuar Mafud Mafud.<\/p>\n\n\n\n<p>\u201cComo un acto de buena fe para abonar\nen la soluci\u00f3n pac\u00edfica, la asamblea general de Santiago Yaitepec acord\u00f3, de\nmanera un\u00e1nime para no cerrarnos al di\u00e1logo, abrir el paso vial cada dos horas,\nesperando poder solucionar los problemas generados por el Gobierno del Estado y\nel fiscal General\u201d, se\u00f1alaron la tarde de hoy.<\/p>\n","protected":false},"excerpt":{"rendered":"<p>Yuridiana Sosa\/Zona Roja. Oaxaca de Ju\u00e1rez, Oax., 3 de febrero de 2020.- Pobladores de Santiago&hellip;<\/p>\n","protected":false},"author":2,"featured_media":8370,"comment_status":"closed","ping_status":"open","sticky":false,"template":"","format":"standard","meta":{"_lmt_disableupdate":"","_lmt_disable":"","_jetpack_memberships_contains_paid_content":false,"footnotes":""},"categories":[109,47],"tags":[546],"class_list":["post-8369","post","type-post","status-publish","format-standard","has-post-thumbnail","hentry","category-minuto-a-minuto","category-zona-gris","tag-santiago-yaitepec"],"jetpack_featured_media_url":"https:\/\/zonaroja.com.mx\/wp-content\/uploads\/2020\/02\/Bloqueo-Yaitepec-2.jpg","jetpack_sharing_enabled":true,"_links":{"self":[{"href":"https:\/\/zonaroja.com.mx\/index.php?rest_route=\/wp\/v2\/posts\/8369","targetHints":{"allow":["GET"]}}],"collection":[{"href":"https:\/\/zonaroja.com.mx\/index.php?rest_route=\/wp\/v2\/posts"}],"about":[{"href":"https:\/\/zonaroja.com.mx\/index.php?rest_route=\/wp\/v2\/types\/post"}],"author":[{"embeddable":true,"href":"https:\/\/zonaroja.com.mx\/index.php?rest_route=\/wp\/v2\/users\/2"}],"replies":[{"embeddable":true,"href":"https:\/\/zonaroja.com.mx\/index.php?rest_route=%2Fwp%2Fv2%2Fcomments&post=8369"}],"version-history":[{"count":2,"href":"https:\/\/zonaroja.com.mx\/index.php?rest_route=\/wp\/v2\/posts\/8369\/revisions"}],"predecessor-version":[{"id":8372,"href":"https:\/\/zonaroja.com.mx\/index.php?rest_route=\/wp\/v2\/posts\/8369\/revisions\/8372"}],"wp:featuredmedia":[{"embeddable":true,"href":"https:\/\/zonaroja.com.mx\/index.php?rest_route=\/wp\/v2\/media\/8370"}],"wp:attachment":[{"href":"https:\/\/zonaroja.com.mx\/index.php?rest_route=%2Fwp%2Fv2%2Fmedia&parent=8369"}],"wp:term":[{"taxonomy":"category","embeddable":true,"href":"https:\/\/zonaroja.com.mx\/index.php?rest_route=%2Fwp%2Fv2%2Fcategories&post=8369"},{"taxonomy":"post_tag","embeddable":true,"href":"https:\/\/zonaroja.com.mx\/index.php?rest_route=%2Fwp%2Fv2%2Ftags&post=8369"}],"curies":[{"name":"wp","href":"https:\/\/api.w.org\/{rel}","templated":true}]}}