{"id":83693,"date":"2025-08-19T15:15:00","date_gmt":"2025-08-19T21:15:00","guid":{"rendered":"https:\/\/zonaroja.com.mx\/?p=83693"},"modified":"2025-08-19T07:57:33","modified_gmt":"2025-08-19T13:57:33","slug":"deudor-alimentario-busca-declararse-discapacitado-para-anular-pension-alimenticia","status":"publish","type":"post","link":"https:\/\/zonaroja.com.mx\/?p=83693","title":{"rendered":"Deudor alimentario busca declararse discapacitado para anular pensi\u00f3n alimenticia"},"content":{"rendered":"\n<p>Redacci\u00f3n\/Zona Roja.<\/p>\n\n\n\n<p>Oaxaca, Oax., a 19 de agosto de 2025.- De acuerdo con documentos judiciales, Manuel Isa\u00ed A, M., hijo de la exdiputada priista por Tlacolula, Eva M\u00e9ndez Luis, ha sido denunciado por incumplir el pago de pensi\u00f3n alimenticia durante 14 a\u00f1os.&nbsp;<\/p>\n\n\n\n<p>En 2011, dentro del juicio de pensi\u00f3n alimenticia, se present\u00f3 ante el Juzgado una constancia laboral en la que se afirmaba que el demandado trabajaba como velador de una bodega, fij\u00e1ndosele una pensi\u00f3n mensual dedos mil pesos que nunca cumpli\u00f3.&nbsp;<\/p>\n\n\n\n<p>Este documento, expedido por un representante legal de una empresa privada, fue tomado como base para calcular la pensi\u00f3n.<\/p>\n\n\n\n<p>Con el tiempo, surgieron indicios que pusieron en duda la veracidad de la informaci\u00f3n, respaldados con copia fotogr\u00e1fica en el expediente. A pesar de que se presentaron ante el Juzgado Familiar pruebas fotogr\u00e1ficas que mostraban al demandado realizando actividades partidistas para el PRI y viajando al extranjero, dichas evidencias no fueron tomadas en cuenta.&nbsp;<\/p>\n\n\n\n<p>Durante una audiencia, la denunciante afirma que fue presionada y amenazada para firmar un acuerdo de pensi\u00f3n de dos mil pesos mensuales, monto que nunca fue pagado en estos 14 a\u00f1os.&nbsp;<\/p>\n\n\n\n<p>A pesar de que el Juzgado cuenta con evidencia obtenida de sus redes sociales, donde se exhiben viajes a m\u00e1s de diez pa\u00edses en el extranjero, estudios de maestr\u00eda en el Tecnol\u00f3gico de Monterrey y fotograf\u00edas junto al director de dicha maestr\u00eda, dichas pruebas tampoco fueron valoradas, a pesar de mostrar un nivel de vida incompatible con la supuesta precariedad econ\u00f3mica alegada por el demandado.<\/p>\n\n\n\n<p>En el expediente tambi\u00e9n consta que el 6 de noviembre de 2012, el m\u00e9dico Jos\u00e9 Fabi\u00e1n Hern\u00e1ndez D\u00edaz expidi\u00f3 una constancia m\u00e9dica a nombre de Arellano M\u00e9ndez, diagnosticando crisis hipertensiva y prescribiendo \u201creposo absoluto por quince d\u00edas\u201d.&nbsp;<\/p>\n\n\n\n<p>Este justificante fue presentado justo un d\u00eda antes de la audiencia del 7 de noviembre de 2012, evitando la comparecencia del demandado.<\/p>\n\n\n\n<p>El 13 de agosto de 2022, el nombre de Manuel Isa\u00ed fue publicado en la p\u00e1gina oficial de Deudores Alimentarios del Estado de Oaxaca, con base en documentos de su expediente judicial.&nbsp;<\/p>\n\n\n\n<p>Pese a ello, continu\u00f3 evadiendo sus obligaciones, presentando durante a\u00f1os justificantes m\u00e9dicos para no acudir a audiencias.<\/p>\n\n\n\n<p>Tras divorciarse de su segunda pareja, con quien tuvo una hija, \u00e9sta tambi\u00e9n promovi\u00f3 una demanda de pensi\u00f3n alimenticia.&nbsp;<\/p>\n\n\n\n<p>Actualmente, el demandado busca anular ambas pensiones \u2014la correspondiente a su primer hijo y la de su segunda hija\u2014 alegando una discapacidad f\u00edsica derivada de un aneurisma ocurrido hace aproximadamente un a\u00f1o.&nbsp;<\/p>\n\n\n\n<p>Sin embargo, testigos afirman que ha sido visto conduciendo su camioneta Tacoma gris, transitando por la ciudad y acudiendo personalmente al Juzgado Familiar, lo que ha generado cuestionamientos sobre la veracidad de su alegato m\u00e9dico.<\/p>\n\n\n\n<p>El caso, judicializado tanto en el Juzgado Familiar como en la Fiscal\u00eda General del Estado, refleja \u2014seg\u00fan organizaciones y madres afectadas\u2014 un patr\u00f3n de manipulaci\u00f3n del sistema judicial que enfrentan m\u00faltiples familias en Oaxaca, en donde el uso de certificados m\u00e9dicos y documentos presuntamente irregulares ha servido para retrasar o evadir el cumplimiento de las obligaciones alimentarias en perjuicio de menores.<\/p>\n\n\n\n<p>Desde hace meses, adem\u00e1s, su nombre figura oficialmente en el Padr\u00f3n de Deudores Alimentarios del Registro Civil de Oaxaca, sum\u00e1ndose a la exhibici\u00f3n p\u00fablica en la p\u00e1gina oficial de deudores del Estado.&nbsp;<\/p>\n\n\n\n<p>Organizaciones y madres afectadas esperan que la justicia act\u00fae de manera efectiva y no permita que este caso siga siendo un ejemplo de c\u00f3mo algunos logran burlar la ley en perjuicio de los derechos de sus hijos.<\/p>\n\n\n\n<p>Mientras tanto, Manuel Isa\u00ed A. M. busca ampararse y presentar nueva documentaci\u00f3n m\u00e9dica ante la Fiscal\u00eda.&nbsp;<\/p>\n\n\n\n<p>El historial de maniobras y justificaciones presentadas en el pasado hace temer que, de repetirse esta estrategia, se prolongue la impunidad que ha sostenido durante 14 a\u00f1os, manipulando al sistema judicial para evadir sus responsabilidades.&nbsp;<\/p>\n\n\n\n<p>Organizaciones y familias afectadas conf\u00edan en que, esta vez, prevalezca la justicia y se garantice el inter\u00e9s superior de la ni\u00f1ez.<\/p>\n","protected":false},"excerpt":{"rendered":"<p>Redacci\u00f3n\/Zona Roja. Oaxaca, Oax., a 19 de agosto de 2025.- De acuerdo con documentos judiciales,&hellip;<\/p>\n","protected":false},"author":2,"featured_media":78343,"comment_status":"closed","ping_status":"open","sticky":false,"template":"","format":"standard","meta":{"_lmt_disableupdate":"","_lmt_disable":"","_jetpack_memberships_contains_paid_content":false,"footnotes":""},"categories":[109,47],"tags":[],"class_list":["post-83693","post","type-post","status-publish","format-standard","has-post-thumbnail","hentry","category-minuto-a-minuto","category-zona-gris"],"jetpack_featured_media_url":"https:\/\/zonaroja.com.mx\/wp-content\/uploads\/2025\/03\/Deudores-alimentarios-pension-.jpg","jetpack_sharing_enabled":true,"_links":{"self":[{"href":"https:\/\/zonaroja.com.mx\/index.php?rest_route=\/wp\/v2\/posts\/83693","targetHints":{"allow":["GET"]}}],"collection":[{"href":"https:\/\/zonaroja.com.mx\/index.php?rest_route=\/wp\/v2\/posts"}],"about":[{"href":"https:\/\/zonaroja.com.mx\/index.php?rest_route=\/wp\/v2\/types\/post"}],"author":[{"embeddable":true,"href":"https:\/\/zonaroja.com.mx\/index.php?rest_route=\/wp\/v2\/users\/2"}],"replies":[{"embeddable":true,"href":"https:\/\/zonaroja.com.mx\/index.php?rest_route=%2Fwp%2Fv2%2Fcomments&post=83693"}],"version-history":[{"count":1,"href":"https:\/\/zonaroja.com.mx\/index.php?rest_route=\/wp\/v2\/posts\/83693\/revisions"}],"predecessor-version":[{"id":83694,"href":"https:\/\/zonaroja.com.mx\/index.php?rest_route=\/wp\/v2\/posts\/83693\/revisions\/83694"}],"wp:featuredmedia":[{"embeddable":true,"href":"https:\/\/zonaroja.com.mx\/index.php?rest_route=\/wp\/v2\/media\/78343"}],"wp:attachment":[{"href":"https:\/\/zonaroja.com.mx\/index.php?rest_route=%2Fwp%2Fv2%2Fmedia&parent=83693"}],"wp:term":[{"taxonomy":"category","embeddable":true,"href":"https:\/\/zonaroja.com.mx\/index.php?rest_route=%2Fwp%2Fv2%2Fcategories&post=83693"},{"taxonomy":"post_tag","embeddable":true,"href":"https:\/\/zonaroja.com.mx\/index.php?rest_route=%2Fwp%2Fv2%2Ftags&post=83693"}],"curies":[{"name":"wp","href":"https:\/\/api.w.org\/{rel}","templated":true}]}}