{"id":83700,"date":"2025-08-19T20:34:49","date_gmt":"2025-08-20T02:34:49","guid":{"rendered":"https:\/\/zonaroja.com.mx\/?p=83700"},"modified":"2025-08-19T21:04:13","modified_gmt":"2025-08-20T03:04:13","slug":"disputa-de-obras-entre-sindicatos-deja-un-muerto-en-la-mixteca","status":"publish","type":"post","link":"https:\/\/zonaroja.com.mx\/?p=83700","title":{"rendered":"Disputa de obras entre sindicatos deja un muerto en la Mixteca"},"content":{"rendered":"\n<p>Raymundo Morales\/Zona Roja.<\/p>\n\n\n\n<p>Oaxaca, Oax., a 19 de agosto de 2025.- Veinticuatro horas despu\u00e9s de que protestaran para exigir participaci\u00f3n en la obra p\u00fablica federal, sindicatos de transportistas se enfrentaron a balazos hoy en la regi\u00f3n Mixteca de Oaxaca, con saldo preliminar de una persona fallecida y varias m\u00e1s lesionadas.<\/p>\n\n\n\n<p>Los hechos ocurrieron la tarde de hoy a un costado de la carretera federal 190 Oaxaca-Huajuapan de Le\u00f3n, a la altura de la comunidad de Chocani, perteneciente al municipio de Tej\u00fapam de la Uni\u00f3n.<\/p>\n\n\n\n<p>La disputa ocurri\u00f3 entre gremios de la Confederaci\u00f3n Joven de M\u00e9xico, la Confederaci\u00f3n de Trabajadores de M\u00e9xico y la Confederaci\u00f3n Internacional de Trabajadores.<\/p>\n\n\n\n<p>En la agresi\u00f3n armada perdi\u00f3 la vida Francisco E. C. H., al parecer dirigente regional de la Confederaci\u00f3n Joven; otras personas lesionadas fueron trasladadas a hospitales cercanos.\u00a0<\/p>\n\n\n\n<p>Ayer los gremios se unieron en caravana para exigir al gobierno federal permita a los transportistas oaxaque\u00f1os participar en las obras de rehabilitaci\u00f3n de carreteras federales en la Mixteca.<\/p>\n\n\n\n<p>La Fiscal\u00eda General del Estado de Oaxaca (FGEO) emiti\u00f3 un comunicado en que confirm\u00f3 la agresi\u00f3n por disparos de arma de fuego, as\u00ed como el deceso de una persona del sexo masculino y otra m\u00e1s lesionada.&nbsp;<\/p>\n\n\n\n<p>\u201cEn el lugar se llevan a cabo trabajos ministeriales de la Fiscal\u00eda de Oaxaca, con la presencia de elementos de la Secretar\u00eda de la Defensa Nacional (Defensa), Guardia Nacional y Polic\u00eda Estatal, que laboran en coordinaci\u00f3n para restablecer la seguridad en el sitio\u201d, indic\u00f3.<\/p>\n","protected":false},"excerpt":{"rendered":"<p>Raymundo Morales\/Zona Roja. Oaxaca, Oax., a 19 de agosto de 2025.- Veinticuatro horas despu\u00e9s de&hellip;<\/p>\n","protected":false},"author":2,"featured_media":83701,"comment_status":"closed","ping_status":"open","sticky":false,"template":"","format":"standard","meta":{"_lmt_disableupdate":"","_lmt_disable":"","_jetpack_memberships_contains_paid_content":false,"footnotes":""},"categories":[109,51],"tags":[3295],"class_list":["post-83700","post","type-post","status-publish","format-standard","has-post-thumbnail","hentry","category-minuto-a-minuto","category-zona-roja","tag-villa-tejupam-de-la-union"],"jetpack_featured_media_url":"https:\/\/zonaroja.com.mx\/wp-content\/uploads\/2025\/08\/Enfrentamiento-transportistas-Chocani-Tejupam.jpeg","jetpack_sharing_enabled":true,"_links":{"self":[{"href":"https:\/\/zonaroja.com.mx\/index.php?rest_route=\/wp\/v2\/posts\/83700","targetHints":{"allow":["GET"]}}],"collection":[{"href":"https:\/\/zonaroja.com.mx\/index.php?rest_route=\/wp\/v2\/posts"}],"about":[{"href":"https:\/\/zonaroja.com.mx\/index.php?rest_route=\/wp\/v2\/types\/post"}],"author":[{"embeddable":true,"href":"https:\/\/zonaroja.com.mx\/index.php?rest_route=\/wp\/v2\/users\/2"}],"replies":[{"embeddable":true,"href":"https:\/\/zonaroja.com.mx\/index.php?rest_route=%2Fwp%2Fv2%2Fcomments&post=83700"}],"version-history":[{"count":3,"href":"https:\/\/zonaroja.com.mx\/index.php?rest_route=\/wp\/v2\/posts\/83700\/revisions"}],"predecessor-version":[{"id":83705,"href":"https:\/\/zonaroja.com.mx\/index.php?rest_route=\/wp\/v2\/posts\/83700\/revisions\/83705"}],"wp:featuredmedia":[{"embeddable":true,"href":"https:\/\/zonaroja.com.mx\/index.php?rest_route=\/wp\/v2\/media\/83701"}],"wp:attachment":[{"href":"https:\/\/zonaroja.com.mx\/index.php?rest_route=%2Fwp%2Fv2%2Fmedia&parent=83700"}],"wp:term":[{"taxonomy":"category","embeddable":true,"href":"https:\/\/zonaroja.com.mx\/index.php?rest_route=%2Fwp%2Fv2%2Fcategories&post=83700"},{"taxonomy":"post_tag","embeddable":true,"href":"https:\/\/zonaroja.com.mx\/index.php?rest_route=%2Fwp%2Fv2%2Ftags&post=83700"}],"curies":[{"name":"wp","href":"https:\/\/api.w.org\/{rel}","templated":true}]}}