{"id":83706,"date":"2025-08-19T21:40:37","date_gmt":"2025-08-20T03:40:37","guid":{"rendered":"https:\/\/zonaroja.com.mx\/?p=83706"},"modified":"2025-08-19T21:40:39","modified_gmt":"2025-08-20T03:40:39","slug":"inician-en-xoxocotlan-mas-obras-de-pavimentacion-y-techado-escolar","status":"publish","type":"post","link":"https:\/\/zonaroja.com.mx\/?p=83706","title":{"rendered":"Inician en Xoxocotl\u00e1n m\u00e1s obras de pavimentaci\u00f3n y techado escolar\u00a0"},"content":{"rendered":"\n<p>Redacci\u00f3n\/Zona Roja.<\/p>\n\n\n\n<p>Oaxaca, Oax., a 19 de agosto de 2025.\u2013 Al poner en marcha obras de infraestructura social y urbana en las colonias Cosijoeza, Moctezuma, Francisco I. Madero y en la cabecera municipal de Santa Cruz Xoxocotl\u00e1n, la presidenta Nancy Ben\u00edtez Z\u00e1rate, reiter\u00f3 su compromiso de impulsar acciones que fortalezcan el desarrollo y el bienestar de las familias xoxe\u00f1as.&nbsp;&nbsp;<\/p>\n\n\n\n<p>\u201cLas puertas est\u00e1n abiertas para todas y todos. Venimos a iniciar obras fundamentales para mejorar su calidad de vida, pero tambi\u00e9n a escucharles y atender sus necesidades\u201d, expres\u00f3 la edil al dar el banderazo de inicio a la pavimentaci\u00f3n con concreto hidr\u00e1ulico en la colonia Cosijoeza.&nbsp;&nbsp;<\/p>\n\n\n\n<p>Como parte del trabajo territorial que caracteriza su administraci\u00f3n, Nancy Ben\u00edtez, acompa\u00f1ada por integrantes del Cabildo, tambi\u00e9n inici\u00f3 la obra de pavimentaci\u00f3n de la colonia Cuauht\u00e9moc. La edil continu\u00f3 su recorrido en la colonia Francisco I. Madero, donde arranc\u00f3 la obra de pavimentaci\u00f3n con adoqu\u00edn.&nbsp;<\/p>\n\n\n\n<p>Finalmente, Ben\u00edtez Z\u00e1rate arrib\u00f3 a la Escuela Secundaria General \u201cLic. Genaro V.&nbsp;&nbsp;V\u00e1squez\u201d, ubicada en la cabecera municipal, donde se beneficiar\u00e1 al alumnado y personal docente con un techado que brinde comodidad durante sus actividades diarias y de esparcimiento.&nbsp;<\/p>\n\n\n\n<p>La presidenta subray\u00f3 que estas obras son posibles con el Fondo de Aportaciones para la Infraestructura Social Municipal (Faismun), y gracias al trabajo coordinado entre entre gobiernos y ciudadan\u00eda.<\/p>\n\n\n\n<p>Gobierno de Xoxocotl\u00e1n y Leche para el Bienestar refrendan compromiso por la nutrici\u00f3n&nbsp;<\/p>\n\n\n\n<p>ABASTO DE LECHE<\/p>\n\n\n\n<p>Por otra parte, priorizando el desarrollo y una alimentaci\u00f3n saludable para las familias de Santa Cruz Xoxocotl\u00e1n, la presidenta municipal Nancy Ben\u00edtez Z\u00e1rate, junto al gerente nacional de Abasto Social de Leche para el Bienestar, V\u00edctor Hugo P\u00e9rez Rojas, firmaron un convenio de colaboraci\u00f3n que permitir\u00e1 asegurar que este programa llegue a cada rinc\u00f3n del municipio.<\/p>\n\n\n\n<p>Acompa\u00f1ada por integrantes del Cabildo, la presidenta honoraria del DIF Municipal, Yarazet Cruz Ben\u00edtez, as\u00ed como funcionariado federal y local, Ben\u00edtez Z\u00e1rate agradeci\u00f3 el respaldo del Gobierno de M\u00e9xico para garantizar el acceso a alimentos b\u00e1sicos como la leche, especialmente en beneficio de la ni\u00f1ez y de los sectores en situaci\u00f3n de vulnerabilidad.<\/p>\n\n\n\n<p>\u201cTenemos un compromiso con las familias xoxe\u00f1as, con mejorar su calidad de vida y, junto a la Federaci\u00f3n y el Gobierno del Estado, garantizar el estado de bienestar para todas y todos\u201d, reiter\u00f3 la edil.<\/p>\n\n\n\n<p>Por su parte, P\u00e9rez Rojas destac\u00f3 que para el gobierno de la presidenta Claudia Sheinbaum Pardo, ofrecer leche fortificada, de calidad y accesible forma parte del compromiso con el bienestar y la justicia social.<\/p>\n\n\n\n<p>Anunci\u00f3 adem\u00e1s que, en Xoxocotl\u00e1n, se trabajar\u00e1 de manera firme para duplicar el n\u00famero de lecher\u00edas instaladas en agencias y colonias, que actualmente suman 18.<\/p>\n\n\n\n<p>Asimismo, por gesti\u00f3n de la presidenta municipal, se solicit\u00f3 la reincorporaci\u00f3n de algunos asentamientos al programa, con el prop\u00f3sito de que ninguna familia quede fuera del esquema alimentario m\u00e1s importante del Gobierno de M\u00e9xico.<\/p>\n\n\n\n<p>El Gobierno Municipal de Santa Cruz Xoxocotl\u00e1n reafirma as\u00ed su compromiso de trabajar de manera cercana y coordinada con los distintos niveles de gobierno, en favor del desarrollo integral y la salud de las familias xoxe\u00f1as.<\/p>\n","protected":false},"excerpt":{"rendered":"<p>Redacci\u00f3n\/Zona Roja. Oaxaca, Oax., a 19 de agosto de 2025.\u2013 Al poner en marcha obras&hellip;<\/p>\n","protected":false},"author":2,"featured_media":83707,"comment_status":"closed","ping_status":"open","sticky":false,"template":"","format":"standard","meta":{"_lmt_disableupdate":"","_lmt_disable":"","_jetpack_memberships_contains_paid_content":false,"footnotes":""},"categories":[109,46],"tags":[133],"class_list":["post-83706","post","type-post","status-publish","format-standard","has-post-thumbnail","hentry","category-minuto-a-minuto","category-zona-blanca","tag-santa-cruz-xoxocotlan"],"jetpack_featured_media_url":"https:\/\/zonaroja.com.mx\/wp-content\/uploads\/2025\/08\/Arranca-Nancy-Benitez-obras-de-pavimentacion-y-techado-escolar-1.jpeg","jetpack_sharing_enabled":true,"_links":{"self":[{"href":"https:\/\/zonaroja.com.mx\/index.php?rest_route=\/wp\/v2\/posts\/83706","targetHints":{"allow":["GET"]}}],"collection":[{"href":"https:\/\/zonaroja.com.mx\/index.php?rest_route=\/wp\/v2\/posts"}],"about":[{"href":"https:\/\/zonaroja.com.mx\/index.php?rest_route=\/wp\/v2\/types\/post"}],"author":[{"embeddable":true,"href":"https:\/\/zonaroja.com.mx\/index.php?rest_route=\/wp\/v2\/users\/2"}],"replies":[{"embeddable":true,"href":"https:\/\/zonaroja.com.mx\/index.php?rest_route=%2Fwp%2Fv2%2Fcomments&post=83706"}],"version-history":[{"count":1,"href":"https:\/\/zonaroja.com.mx\/index.php?rest_route=\/wp\/v2\/posts\/83706\/revisions"}],"predecessor-version":[{"id":83708,"href":"https:\/\/zonaroja.com.mx\/index.php?rest_route=\/wp\/v2\/posts\/83706\/revisions\/83708"}],"wp:featuredmedia":[{"embeddable":true,"href":"https:\/\/zonaroja.com.mx\/index.php?rest_route=\/wp\/v2\/media\/83707"}],"wp:attachment":[{"href":"https:\/\/zonaroja.com.mx\/index.php?rest_route=%2Fwp%2Fv2%2Fmedia&parent=83706"}],"wp:term":[{"taxonomy":"category","embeddable":true,"href":"https:\/\/zonaroja.com.mx\/index.php?rest_route=%2Fwp%2Fv2%2Fcategories&post=83706"},{"taxonomy":"post_tag","embeddable":true,"href":"https:\/\/zonaroja.com.mx\/index.php?rest_route=%2Fwp%2Fv2%2Ftags&post=83706"}],"curies":[{"name":"wp","href":"https:\/\/api.w.org\/{rel}","templated":true}]}}