{"id":83710,"date":"2025-08-20T07:15:00","date_gmt":"2025-08-20T13:15:00","guid":{"rendered":"https:\/\/zonaroja.com.mx\/?p=83710"},"modified":"2025-08-20T06:41:26","modified_gmt":"2025-08-20T12:41:26","slug":"yosondua-y-yolotepec-se-acusan-mutuamente-de-agresiones-por-conflicto-agrario","status":"publish","type":"post","link":"https:\/\/zonaroja.com.mx\/?p=83710","title":{"rendered":"Yosond\u00faa y Yolotepec se acusan mutuamente de agresiones por conflicto agrario"},"content":{"rendered":"\n<p>Lisbeth Mej\u00eda Reyes\/Zona Roja.<\/p>\n\n\n\n<p>Oaxaca, Oax., a 20 de agosto de 2025.- A ra\u00edz de un conflicto agrario por la disputa de mil 600 hect\u00e1reas, esta semana se reactiv\u00f3 el conflicto entre los municipios de Santiago Yosond\u00faa y Santa Mar\u00eda Yolotepec, en la regi\u00f3n Mixteca de Oaxaca.&nbsp;<\/p>\n\n\n\n<p>El problema escal\u00f3 a un ataque armado ocurrido este 18 de agosto, pero en el que ambas comunidades se acusan mutuamente de agresiones hacia la otra y de lesionados.<\/p>\n\n\n\n<p>Inicialmente, la autoridad de Yosond\u00faa dijo que habitantes de su rancher\u00eda Buenavista fueron agredidos por parte de Yolotepec.&nbsp;<\/p>\n\n\n\n<p>En un comunicado, el edil Cristino Ram\u00edrez Ch\u00e1vez, dijo que de Yosond\u00faa hab\u00eda una persona lesionada de bala, varias m\u00e1s retenidas y al menos seis viviendas incendiadas y por lo cual solicitaba la intervenci\u00f3n del gobierno estatal.<\/p>\n\n\n\n<p>Este martes, durante una conferencia de prensa en la ciudad de Oaxaca, el presidente municipal de Yolotepec, Salvador Sosa L\u00f3pez, desminti\u00f3 a su par de Yosond\u00faa.&nbsp;<\/p>\n\n\n\n<p>Aunque admiti\u00f3 que hubo disparos de ambas partes, neg\u00f3 que hayan lesionado o secuestrado a gente de la rancher\u00eda Buenavista.&nbsp;<\/p>\n\n\n\n<p>Incluso, dijo que la autoridad de Yosond\u00faa minti\u00f3 y que en realidad fueron aproximadamente 400 habitantes de diversas agencias de Yosond\u00faa los que ingresaron a tierras comunales de Yolotepec y da\u00f1aron las milpas y una casa. \u00abPor esa raz\u00f3n hubo disparos de armas de fuego por ambas partes\u00bb.<\/p>\n\n\n\n<p>Sosa, quien se encontraba en la capital al menos desde el lunes, coment\u00f3 que a ra\u00edz de la reactivaci\u00f3n del conflicto no hay acceso al municipio de Santa Mar\u00eda Yolotepec.&nbsp;<\/p>\n\n\n\n<p>Reiter\u00f3 que su comunidad no tiene a ninguna persona detenida de Yosond\u00faa, pero de su parte s\u00ed hay una persona lesionada. Ante esto solicit\u00f3 la intervenci\u00f3n de la Guardia Nacional para restablecer la tranquilidad en la zona.<\/p>\n\n\n\n<p>\u00abSon mil 600 hect\u00e1reas que tenemos en conflicto y estamos pidiendo que sea una guardia permanente de la Guardia Nacional en el \u00e1rea donde se tiene el conflicto\u00bb, explic\u00f3, aunque tambi\u00e9n se\u00f1al\u00f3 que la sentencia del Tribunal Agrario resolvi\u00f3 que las tierras son de Yolotepec.<\/p>\n\n\n\n<p>En un documento dirigido al gobernador Salom\u00f3n Jara Cruz, Sosa denunci\u00f3 que Yosond\u00faa es el municipio que ha incumplido los acuerdos del pasado 30 de mayo respecto a mantener la paz social y presentar la documentaci\u00f3n para avanzar en la ruta jur\u00eddica para solucionar el problema.&nbsp;<\/p>\n\n\n\n<p>Por ahora, dijo desconocer si hay personas ajenas interviniendo en este problema, en referencia al ex delegado Fidel M. S., que estuvo en las administraciones de los ex gobernadores Ulises Ruiz Ortiz, Gabino Cu\u00e9 y Alejandro Murat.<\/p>\n\n\n\n<p>\u00abNo tenemos conocimientos si hay personas detr\u00e1s de todo este asunto. Nosotros solamente trabajamos nuestros tierras y cuidamos esta parte que no se saliera de control.&nbsp;<\/p>\n\n\n\n<p>\u201cSin embargo, en las redes sociales circulan un video en donde vemos a las personas que est\u00e1n encabezado la violencia hacia el municipio de Santa Mar\u00eda Yolotepec, incluso meti\u00e9ndose en el territorio de Yolotepec\u00bb.<\/p>\n\n\n\n<p>Antes de Yosond\u00faa y Yolotepec, en julio tambi\u00e9n se reactiv\u00f3 el conflicto entre Santiago Minas y Texmelucan, en la Sierra Sur.<\/p>\n\n\n\n<p>Hasta mayo de este a\u00f1o, el gobernador, Salom\u00f3n Jara, se\u00f1al\u00f3 que en poco m\u00e1s de dos a\u00f1os de su gobierno se hab\u00edan solucionado 37 de los 294 conflictos agrarios que recibi\u00f3 al iniciar su administraci\u00f3n (en diciembre de 2022).&nbsp;<\/p>\n\n\n\n<p>Adem\u00e1s de que entre estos 294 conflictos 23 &nbsp;se consideran de alto riesgo, 51 de mediano riesgo y 220 de bajo riesgo.<\/p>\n","protected":false},"excerpt":{"rendered":"<p>Lisbeth Mej\u00eda Reyes\/Zona Roja. Oaxaca, Oax., a 20 de agosto de 2025.- A ra\u00edz de&hellip;<\/p>\n","protected":false},"author":2,"featured_media":83711,"comment_status":"closed","ping_status":"open","sticky":false,"template":"","format":"standard","meta":{"_lmt_disableupdate":"","_lmt_disable":"","_jetpack_memberships_contains_paid_content":false,"footnotes":""},"categories":[109,47],"tags":[4412,3925],"class_list":["post-83710","post","type-post","status-publish","format-standard","has-post-thumbnail","hentry","category-minuto-a-minuto","category-zona-gris","tag-santa-maria-yolotepec","tag-santiago-yosondua"],"jetpack_featured_media_url":"https:\/\/zonaroja.com.mx\/wp-content\/uploads\/2025\/08\/Santa-Maria-Yolotepec.jpg","jetpack_sharing_enabled":true,"_links":{"self":[{"href":"https:\/\/zonaroja.com.mx\/index.php?rest_route=\/wp\/v2\/posts\/83710","targetHints":{"allow":["GET"]}}],"collection":[{"href":"https:\/\/zonaroja.com.mx\/index.php?rest_route=\/wp\/v2\/posts"}],"about":[{"href":"https:\/\/zonaroja.com.mx\/index.php?rest_route=\/wp\/v2\/types\/post"}],"author":[{"embeddable":true,"href":"https:\/\/zonaroja.com.mx\/index.php?rest_route=\/wp\/v2\/users\/2"}],"replies":[{"embeddable":true,"href":"https:\/\/zonaroja.com.mx\/index.php?rest_route=%2Fwp%2Fv2%2Fcomments&post=83710"}],"version-history":[{"count":1,"href":"https:\/\/zonaroja.com.mx\/index.php?rest_route=\/wp\/v2\/posts\/83710\/revisions"}],"predecessor-version":[{"id":83712,"href":"https:\/\/zonaroja.com.mx\/index.php?rest_route=\/wp\/v2\/posts\/83710\/revisions\/83712"}],"wp:featuredmedia":[{"embeddable":true,"href":"https:\/\/zonaroja.com.mx\/index.php?rest_route=\/wp\/v2\/media\/83711"}],"wp:attachment":[{"href":"https:\/\/zonaroja.com.mx\/index.php?rest_route=%2Fwp%2Fv2%2Fmedia&parent=83710"}],"wp:term":[{"taxonomy":"category","embeddable":true,"href":"https:\/\/zonaroja.com.mx\/index.php?rest_route=%2Fwp%2Fv2%2Fcategories&post=83710"},{"taxonomy":"post_tag","embeddable":true,"href":"https:\/\/zonaroja.com.mx\/index.php?rest_route=%2Fwp%2Fv2%2Ftags&post=83710"}],"curies":[{"name":"wp","href":"https:\/\/api.w.org\/{rel}","templated":true}]}}