{"id":83713,"date":"2025-08-20T08:15:00","date_gmt":"2025-08-20T14:15:00","guid":{"rendered":"https:\/\/zonaroja.com.mx\/?p=83713"},"modified":"2025-08-20T06:54:52","modified_gmt":"2025-08-20T12:54:52","slug":"inicia-en-oaxaca-distribucion-de-mas-de-seis-millones-de-libros-de-texto","status":"publish","type":"post","link":"https:\/\/zonaroja.com.mx\/?p=83713","title":{"rendered":"Inicia en Oaxaca distribuci\u00f3n de m\u00e1s de seis millones de libros de texto"},"content":{"rendered":"\n<p>Redacci\u00f3n\/Zona Roja.<\/p>\n\n\n\n<p>Oaxaca, Oax., a 20 de agosto de 2025.- Ante el pr\u00f3ximo inicio del ciclo escolar 2025-2026, el gobierno de Oaxaca inici\u00f3 la distribuci\u00f3n de m\u00e1s de seis millones de libros de texto gratuitos del nivel b\u00e1sico en la entidad.<\/p>\n\n\n\n<p>Estos ejemplares beneficiar\u00e1n a casi 900 mil escolares y docentes de las 11 mil 630 escuelas, los cuales propician la igualdad de oportunidades y el camino m\u00e1s digno para el progreso del pueblo.<\/p>\n\n\n\n<p>El acto fue encabezado por el titular del Poder Ejecutivo estatal, Salom\u00f3n Jara Cruz, quien dijo que su gobierno seguir\u00e1 haciendo de la educaci\u00f3n de las ni\u00f1as, ni\u00f1os y adolescentes el eje rector de las pol\u00edticas p\u00fablicas de mi administraci\u00f3n. \u201cInvertir por la educaci\u00f3n, es invertir en el futuro de la sociedad, es apostar por la paz, la justicia social, por la equidad de g\u00e9nero, por la preservaci\u00f3n de las lenguas originarias y el desarrollo integral de las comunidades\u201d, resalt\u00f3 el mandatario estatal en un acto efectuado en San Agust\u00edn de las Juntas.<\/p>\n\n\n\n<p>Jara Cruz entreg\u00f3 ejemplares a directoras y directores, as\u00ed como a comit\u00e9s de madres y padres de familia de diversas escuelas de la entidad; para el resto del estado, se distribuir\u00e1n mediante los 10 almacenes del Instituto Estatal de Educaci\u00f3n P\u00fablica de Oaxaca (IEEPO).<\/p>\n\n\n\n<p>El Oficial Mayor del IEEPO, Abel Jes\u00fas Leyva Gandarillas, se\u00f1al\u00f3 que en esta distribuci\u00f3n participan de manera comprometida autoridades municipales, docentes, madres y padres de familia; quienes colaboran para que los materiales lleguen a todos los rincones de la entidad.<\/p>\n\n\n\n<p>La secretaria de Educaci\u00f3n P\u00fablica del estado, Delfina Guzm\u00e1n D\u00edaz, dijo que los libros de texto son parte fundamental de la historia educativa de M\u00e9xico, han sido por generaciones, herramientas que fortalecen los valores de justicia, igualdad y progreso que la sociedad necesita sin distinci\u00f3n de lengua, cultura o condici\u00f3n social<\/p>\n\n\n\n<p>El director de la Primaria Benito Ju\u00e1rez, Enrique Cerero Gudi\u00f1o reconoci\u00f3 que despu\u00e9s de 34 a\u00f1os, por primera vez se iniciar\u00e1 un ciclo escolar con la entrega en tiempo y forma de los libros de texto, esto, gracias a la gesti\u00f3n constante y compromiso que tiene el gobernador con la educaci\u00f3n.<\/p>\n\n\n\n<p>RUTAS DE LA SALUD<\/p>\n\n\n\n<p>En otro acto, con 77 veh\u00edculos equipados con medicamentos, el gobernador Jara Cruz dio arranque a las Rutas de la Salud en el estado, iniciativa impulsada por el Gobierno de M\u00e9xico, para abastecer a las 767 unidades m\u00e9dicas de la entidad.&nbsp;<\/p>\n\n\n\n<p>Con el lema \u201cLlevamos medicamentos para todas las personas, en todos los lugares\u201d, este sistema de distribuci\u00f3n atender\u00e1 752 unidades de primer nivel de atenci\u00f3n y 15 Centros de Salud y de Servicios Ampliados (CESSA\u2019s).<\/p>\n\n\n\n<p>Durante un enlace con la Presidenta Claudia Sheinbaum Pardo v\u00eda remota, el mandatario estatal expres\u00f3 que durante esta primera semana se otorgar\u00e1n mil 56 kits que equivalen a un mill\u00f3n 459 mil 790 de piezas de insumos y medicamentos.<\/p>\n\n\n\n<p>\u201cSeguiremos trabajando para que todas y todos los oaxaque\u00f1os tengan acceso a medicamentos gratuitos y puedan ejercer plenamente su derecho a la salud\u201d, afirm\u00f3 desde el Almac\u00e9n de Medicamentos IMSS-Bienestar Oaxaca.<\/p>\n\n\n\n<p>Dichos paquetes incluyen de 90 a m\u00e1s de 100 claves de medicamentos de mayor consumo y para el tratamiento de enfermedades cr\u00f3nico-degenerativas, con los cuales se cubrir\u00e1 la demanda de la poblaci\u00f3n.<\/p>\n\n\n\n<p>Los veh\u00edculos mencionados se desplazar\u00e1n en 184 rutas en todo el estado, para cubrir las seis jurisdicciones sanitarias: 57 en Valles Centrales, 32 en el Istmo y Sierra, 22 en Tuxtepec, 23 en la Costa y 18 en la Mixteca.<\/p>\n\n\n\n<figure class=\"wp-block-embed is-type-rich is-provider-twitter wp-block-embed-twitter\"><div class=\"wp-block-embed__wrapper\">\n<div class=\"twitter-tweet\"><blockquote class=\"twitter-tweet\" data-lang=\"es\"><p lang=\"es\" dir=\"ltr\">DIMOS EL BANDERAZO DEL ARRANQUE DE LAS RUTAS DE LA SALUD, QUE DISTRIBUIR\u00c1N MEDICAMENTOS A NUESTRAS COMUNIDADES<br><br>Durante el enlace a la Conferencia de nuestra Presidenta <a href=\"https:\/\/twitter.com\/Claudiashein?ref_src=twsrc%5Etfw\">@Claudiashein<\/a> con los 23 estados que formamos parte del <a href=\"https:\/\/twitter.com\/IMSS_Bienestar?ref_src=twsrc%5Etfw\">@IMSS_Bienestar<\/a>, dimos el banderazo de arranque de las\u2026 <a href=\"https:\/\/t.co\/kSjInE73Fr\">pic.twitter.com\/kSjInE73Fr<\/a><\/p>&mdash; Salom\u00f3n Jara Cruz (@salomonj) <a href=\"https:\/\/twitter.com\/salomonj\/status\/1957834802645569764?ref_src=twsrc%5Etfw\">19 de agosto de 2025<\/a><\/blockquote><\/div>\n<\/div><\/figure>\n","protected":false},"excerpt":{"rendered":"<p>Redacci\u00f3n\/Zona Roja. Oaxaca, Oax., a 20 de agosto de 2025.- Ante el pr\u00f3ximo inicio del&hellip;<\/p>\n","protected":false},"author":2,"featured_media":83714,"comment_status":"closed","ping_status":"open","sticky":false,"template":"","format":"standard","meta":{"_lmt_disableupdate":"","_lmt_disable":"","_jetpack_memberships_contains_paid_content":false,"footnotes":""},"categories":[109,46],"tags":[939],"class_list":["post-83713","post","type-post","status-publish","format-standard","has-post-thumbnail","hentry","category-minuto-a-minuto","category-zona-blanca","tag-salomon-jara-cruz"],"jetpack_featured_media_url":"https:\/\/zonaroja.com.mx\/wp-content\/uploads\/2025\/08\/Avanza-transformacion-educativa-3.jpeg","jetpack_sharing_enabled":true,"_links":{"self":[{"href":"https:\/\/zonaroja.com.mx\/index.php?rest_route=\/wp\/v2\/posts\/83713","targetHints":{"allow":["GET"]}}],"collection":[{"href":"https:\/\/zonaroja.com.mx\/index.php?rest_route=\/wp\/v2\/posts"}],"about":[{"href":"https:\/\/zonaroja.com.mx\/index.php?rest_route=\/wp\/v2\/types\/post"}],"author":[{"embeddable":true,"href":"https:\/\/zonaroja.com.mx\/index.php?rest_route=\/wp\/v2\/users\/2"}],"replies":[{"embeddable":true,"href":"https:\/\/zonaroja.com.mx\/index.php?rest_route=%2Fwp%2Fv2%2Fcomments&post=83713"}],"version-history":[{"count":1,"href":"https:\/\/zonaroja.com.mx\/index.php?rest_route=\/wp\/v2\/posts\/83713\/revisions"}],"predecessor-version":[{"id":83715,"href":"https:\/\/zonaroja.com.mx\/index.php?rest_route=\/wp\/v2\/posts\/83713\/revisions\/83715"}],"wp:featuredmedia":[{"embeddable":true,"href":"https:\/\/zonaroja.com.mx\/index.php?rest_route=\/wp\/v2\/media\/83714"}],"wp:attachment":[{"href":"https:\/\/zonaroja.com.mx\/index.php?rest_route=%2Fwp%2Fv2%2Fmedia&parent=83713"}],"wp:term":[{"taxonomy":"category","embeddable":true,"href":"https:\/\/zonaroja.com.mx\/index.php?rest_route=%2Fwp%2Fv2%2Fcategories&post=83713"},{"taxonomy":"post_tag","embeddable":true,"href":"https:\/\/zonaroja.com.mx\/index.php?rest_route=%2Fwp%2Fv2%2Ftags&post=83713"}],"curies":[{"name":"wp","href":"https:\/\/api.w.org\/{rel}","templated":true}]}}