{"id":83716,"date":"2025-08-20T09:15:00","date_gmt":"2025-08-20T15:15:00","guid":{"rendered":"https:\/\/zonaroja.com.mx\/?p=83716"},"modified":"2025-08-20T07:18:32","modified_gmt":"2025-08-20T13:18:32","slug":"caso-abigail-tres-anos-entre-audiencias-y-juzgados-y-sin-justicia","status":"publish","type":"post","link":"https:\/\/zonaroja.com.mx\/?p=83716","title":{"rendered":"Caso Abigail: tres a\u00f1os entre audiencias y juzgados y sin justicia"},"content":{"rendered":"\n<p>Raymundo Morales\/Zona Roja.<\/p>\n\n\n\n<p>Oaxaca, Oax., a 20 de agosto de 2025.- \u201cContrario a tener justicia para Abigail y su familia, tenemos un juzgado que pondera el derecho del padre -el agresor de Abigail- a ver al ni\u00f1o haci\u00e9ndolo viajar largas horas para ir cada vez a Salina Cruz donde \u00e9l vive, y pese a que se ha solicitado que el gasto econ\u00f3mico de estos traslados corra a cargo del pap\u00e1; el desgaste del viaje lo asume la familia Hay y el propio ni\u00f1o \u00a1As\u00ed la cara de la justicia en Oaxaca a favor de los agresores!\u201d.<\/p>\n\n\n\n<p>Esa es parte de la queja que se dio a conocer ayer, al cumplirse tres a\u00f1os de la muerte de la joven en los separos del ayuntamiento de Salina Cruz y cuyo presunto agresor, pese a tener una sentencia en su contra de 19 a\u00f1os, no ha pisado la c\u00e1rcel, pues ha sido favorecido por el Poder Judicial.<\/p>\n\n\n\n<p>En conferencia de prensa en el z\u00f3calo de la capital, el padre de la v\u00edctima, Jos\u00e9 Luis Hay, denunci\u00f3 que Kleiver Nazario E. H., ex pareja de Abigail, sigue en libertad al lograr un amparo.<\/p>\n\n\n\n<p>Y aunado a ello, exige que su hijo vaya a verlo a Salina Cruz cada 15 d\u00edas, por \u00f3rdenes de un juez, pese a que el menor est\u00e1 bajo custodia de una hermana de su madre y quien tiene que trasladarse de otra entidad, cubriendo todos los gastos.<\/p>\n\n\n\n<p>\u201cHoy a tres a\u00f1os no se termina el litigio por la guarda y custodia del menor hijo de Abigail, no hay sentencia firme contra quien a lo largo del tiempo de relaci\u00f3n de pareja ejerci\u00f3 violencia familiar contra ella.&nbsp;<\/p>\n\n\n\n<p>\u201cLamentamos que el camino por la justicia sea lento, costoso, tortuoso y desgastante para el pap\u00e1, hermanas e hijos de Abigail. El sistema de justicias le queda debiendo a Abigail y sus hijos\u201d, destac\u00f3 a su vez la asociaci\u00f3n civil Consorcio Oaxaca, presente en la conferencia.&nbsp;<\/p>\n\n\n\n<p>\u201cDespu\u00e9s de innumerables audiencias tanto judiciales como en oficinas p\u00fablicas de gobierno estatal y federal, el padre de la v\u00edctima ha recibido escuchas a medias y promesas que a la fecha no se cumplen, la familia sigue peregrinando, litigando en b\u00fasqueda de justicia con perspectiva de g\u00e9nero, en espera de protecci\u00f3n con perspectiva de infancias y derechos humanos.<\/p>\n\n\n\n<p>\u201cReconocemos que hemos tenido avances en algunos rubros de nuestras demandas de justicia, sin embargo la falta de disposici\u00f3n pol\u00edtica y burocracia del Estado, han obstaculizado el derecho de las v\u00edctimas\u201d, se\u00f1al\u00f3 Consorcio, representada por Y\u00e9sica S\u00e1nchez Maya.<\/p>\n\n\n\n<p>Demandaron a la autoridad municipal de Salina Cruz que d\u00e9 cabal cumplimiento a la recomendaci\u00f3n de la Comisi\u00f3n Nacional de los Derechos Humanos. Asimismo, que la jueza Segunda de lo familiar con sede en Salina Cruz, Oaxaca, a ponderar el cuidado e inter\u00e9s de las infancias por sobre los privilegios del agresor-padre que no cesa de hostigar y amedrentarles.<\/p>\n","protected":false},"excerpt":{"rendered":"<p>Raymundo Morales\/Zona Roja. Oaxaca, Oax., a 20 de agosto de 2025.- \u201cContrario a tener justicia&hellip;<\/p>\n","protected":false},"author":2,"featured_media":83717,"comment_status":"closed","ping_status":"open","sticky":false,"template":"","format":"standard","meta":{"_lmt_disableupdate":"","_lmt_disable":"","_jetpack_memberships_contains_paid_content":false,"footnotes":""},"categories":[109,47],"tags":[3234],"class_list":["post-83716","post","type-post","status-publish","format-standard","has-post-thumbnail","hentry","category-minuto-a-minuto","category-zona-gris","tag-abigail-hay-urrutia"],"jetpack_featured_media_url":"https:\/\/zonaroja.com.mx\/wp-content\/uploads\/2025\/08\/Jose-Luis-Hay-caso-abigail-conferencia-.jpg","jetpack_sharing_enabled":true,"_links":{"self":[{"href":"https:\/\/zonaroja.com.mx\/index.php?rest_route=\/wp\/v2\/posts\/83716","targetHints":{"allow":["GET"]}}],"collection":[{"href":"https:\/\/zonaroja.com.mx\/index.php?rest_route=\/wp\/v2\/posts"}],"about":[{"href":"https:\/\/zonaroja.com.mx\/index.php?rest_route=\/wp\/v2\/types\/post"}],"author":[{"embeddable":true,"href":"https:\/\/zonaroja.com.mx\/index.php?rest_route=\/wp\/v2\/users\/2"}],"replies":[{"embeddable":true,"href":"https:\/\/zonaroja.com.mx\/index.php?rest_route=%2Fwp%2Fv2%2Fcomments&post=83716"}],"version-history":[{"count":1,"href":"https:\/\/zonaroja.com.mx\/index.php?rest_route=\/wp\/v2\/posts\/83716\/revisions"}],"predecessor-version":[{"id":83718,"href":"https:\/\/zonaroja.com.mx\/index.php?rest_route=\/wp\/v2\/posts\/83716\/revisions\/83718"}],"wp:featuredmedia":[{"embeddable":true,"href":"https:\/\/zonaroja.com.mx\/index.php?rest_route=\/wp\/v2\/media\/83717"}],"wp:attachment":[{"href":"https:\/\/zonaroja.com.mx\/index.php?rest_route=%2Fwp%2Fv2%2Fmedia&parent=83716"}],"wp:term":[{"taxonomy":"category","embeddable":true,"href":"https:\/\/zonaroja.com.mx\/index.php?rest_route=%2Fwp%2Fv2%2Fcategories&post=83716"},{"taxonomy":"post_tag","embeddable":true,"href":"https:\/\/zonaroja.com.mx\/index.php?rest_route=%2Fwp%2Fv2%2Ftags&post=83716"}],"curies":[{"name":"wp","href":"https:\/\/api.w.org\/{rel}","templated":true}]}}