{"id":83734,"date":"2025-08-20T18:32:27","date_gmt":"2025-08-21T00:32:27","guid":{"rendered":"https:\/\/zonaroja.com.mx\/?p=83734"},"modified":"2025-08-20T20:59:33","modified_gmt":"2025-08-21T02:59:33","slug":"contara-oaxaca-con-dos-regiones-de-destinos-turisticos-comunitarios","status":"publish","type":"post","link":"https:\/\/zonaroja.com.mx\/?p=83734","title":{"rendered":"Contar\u00e1 Oaxaca con dos regiones de Destinos Tur\u00edsticos Comunitarios"},"content":{"rendered":"\n<p>Redacci\u00f3n\/Zona Roja.<\/p>\n\n\n\n<p>Oaxaca, Oax., a 20 de agosto de 2025.- La titular de la Secretar\u00eda de Turismo estatal (Sectur) Oaxaca, Saymi Pineda Velasco inform\u00f3 que la entidad contar\u00e1 con dos regiones de Destinos Tur\u00edsticos Comunitarios Sustentables: Tehuac\u00e1n\u2013Cuicatl\u00e1n\u2013la Mixteca Alta, compartida con Puebla, y la Sierra de Ju\u00e1rez, con el prop\u00f3sito de fomentar esta actividad de manera sostenible y responsable.<\/p>\n\n\n\n<p>La funcionaria estatal mencion\u00f3 que el Turismo Comunitario (TC) es un modelo de gesti\u00f3n en el cual las comunidades lideran sus actividades econ\u00f3micas, culturales y de cuidado del patrimonio biocultural en la oferta tur\u00edstica local.<\/p>\n\n\n\n<p>\u201cSe trata de un turismo respetuoso con la cultura, el territorio, el entorno, que privilegia las experiencias vivenciales de forma emp\u00e1tica con las poblaciones locales, su historia, identidad, cultura, gastronom\u00eda y naturaleza\u201d, expres\u00f3.<\/p>\n\n\n\n<p>El programa contempla distintivos a Prestadores de Servicios Tur\u00edsticos Comunitarios (PSTC) en los niveles: Semilla TC dirigido a personas emprendedoras y Excelencia TC para proyectos consolidados. De esta manera se plantea reconocer a personas y micro, peque\u00f1as y medianas empresas.<\/p>\n\n\n\n<p>En este sentido, se fortalecer\u00e1n las capacidades de los emprendimientos y destinos seleccionados mediante el incremento de la calidad de los servicios, competitividad y desarrollo de infraestructura de soporte de la actividad tur\u00edstica; as\u00ed como el mejoramiento de la conectividad y el fortalecimiento del mercadeo digital.<\/p>\n\n\n\n<p>La Sectur Federal inform\u00f3 que Oaxaca contar\u00e1 con 50 proyectos y emprendimientos para integrar la Gu\u00eda Nacional de Experiencias Tur\u00edsticas Comunitarias.<\/p>\n\n\n\n<p>El flujo tur\u00edstico de visitantes nacionales e internacionales incrementar\u00e1 la derrama econ\u00f3mica y generaci\u00f3n de empleos, para cumplir con una de las prioridades en la pol\u00edtica de desarrollo tur\u00edstico del Gobierno del Estado.<\/p>\n","protected":false},"excerpt":{"rendered":"<p>Redacci\u00f3n\/Zona Roja. Oaxaca, Oax., a 20 de agosto de 2025.- La titular de la Secretar\u00eda&hellip;<\/p>\n","protected":false},"author":2,"featured_media":83735,"comment_status":"closed","ping_status":"open","sticky":false,"template":"","format":"standard","meta":{"_lmt_disableupdate":"","_lmt_disable":"","_jetpack_memberships_contains_paid_content":false,"footnotes":""},"categories":[109,46],"tags":[1031],"class_list":["post-83734","post","type-post","status-publish","format-standard","has-post-thumbnail","hentry","category-minuto-a-minuto","category-zona-blanca","tag-secretaria-de-turismo-oaxaca"],"jetpack_featured_media_url":"https:\/\/zonaroja.com.mx\/wp-content\/uploads\/2025\/08\/Turismo-sustentable-ecoturismo.jpg","jetpack_sharing_enabled":true,"_links":{"self":[{"href":"https:\/\/zonaroja.com.mx\/index.php?rest_route=\/wp\/v2\/posts\/83734","targetHints":{"allow":["GET"]}}],"collection":[{"href":"https:\/\/zonaroja.com.mx\/index.php?rest_route=\/wp\/v2\/posts"}],"about":[{"href":"https:\/\/zonaroja.com.mx\/index.php?rest_route=\/wp\/v2\/types\/post"}],"author":[{"embeddable":true,"href":"https:\/\/zonaroja.com.mx\/index.php?rest_route=\/wp\/v2\/users\/2"}],"replies":[{"embeddable":true,"href":"https:\/\/zonaroja.com.mx\/index.php?rest_route=%2Fwp%2Fv2%2Fcomments&post=83734"}],"version-history":[{"count":1,"href":"https:\/\/zonaroja.com.mx\/index.php?rest_route=\/wp\/v2\/posts\/83734\/revisions"}],"predecessor-version":[{"id":83736,"href":"https:\/\/zonaroja.com.mx\/index.php?rest_route=\/wp\/v2\/posts\/83734\/revisions\/83736"}],"wp:featuredmedia":[{"embeddable":true,"href":"https:\/\/zonaroja.com.mx\/index.php?rest_route=\/wp\/v2\/media\/83735"}],"wp:attachment":[{"href":"https:\/\/zonaroja.com.mx\/index.php?rest_route=%2Fwp%2Fv2%2Fmedia&parent=83734"}],"wp:term":[{"taxonomy":"category","embeddable":true,"href":"https:\/\/zonaroja.com.mx\/index.php?rest_route=%2Fwp%2Fv2%2Fcategories&post=83734"},{"taxonomy":"post_tag","embeddable":true,"href":"https:\/\/zonaroja.com.mx\/index.php?rest_route=%2Fwp%2Fv2%2Ftags&post=83734"}],"curies":[{"name":"wp","href":"https:\/\/api.w.org\/{rel}","templated":true}]}}