{"id":83737,"date":"2025-08-20T21:03:02","date_gmt":"2025-08-21T03:03:02","guid":{"rendered":"https:\/\/zonaroja.com.mx\/?p=83737"},"modified":"2025-08-20T21:03:04","modified_gmt":"2025-08-21T03:03:04","slug":"por-fin-dan-tregua-los-productores-de-la-costa-de-oaxaca","status":"publish","type":"post","link":"https:\/\/zonaroja.com.mx\/?p=83737","title":{"rendered":"Por fin, dan tregua los productores de la Costa de Oaxaca"},"content":{"rendered":"\n<p>Lisbeth Mej\u00eda Reyes\/Zona Roja.<\/p>\n\n\n\n<p>Oaxaca, Oax., a 20 de agosto de 2025.- Despu\u00e9s de una semana de bloqueos en distintos puntos de la carretera federal 200, en la regi\u00f3n de la Costa, agricultores afectados por el hurac\u00e1n \u201cErick\u201d dieron una tregua a sus manifestaciones, las cuales llegaron el martes hasta la entrada del aeropuerto internacional de Puerto Escondido, uno de los tres principales destinos tur\u00edsticos del estado de Oaxaca.<\/p>\n\n\n\n<p>Las protestas han sido por parte de productores agr\u00edcolas de municipios como Pinotepa Nacional, Villa de Tututepec, Santiago Jamiltepec, Santa Mar\u00eda Huazolotitl\u00e1n y Santo Domingo Armenta.&nbsp;<\/p>\n\n\n\n<p>Estos han denunciado que tras el paso del hurac\u00e1n \u201cErick\u201d en junio el gobierno estatal no los ha apoyado. Adem\u00e1s de exigir la intervenci\u00f3n de la presidenta Claudia Sheinbaum y funcionarios que puedan dar soluciones concretas a sus demandas, pues a pesar de que el gobierno estatal los cens\u00f3 a\u00fan no hay respuestas.<\/p>\n\n\n\n<p>Desde la tarde de ayer, los manifestantes dejaron de efectuar los bloqueos en espera de una mesa de negociaci\u00f3n con las autoridades estatales.&nbsp;<\/p>\n\n\n\n<p>Los \u00faltimos cierres viales que comenzaron al menos desde el 13 de este mes se hab\u00edan registrado en la carretera federal 200 a la altura del m\u00f3dulo de la salida a Jamiltepec, a la entrada del Aeropuerto Internacional de Puerto Escondido, tambi\u00e9n en el tramo Pinotepa Nacional-Acapulco, Guerrero, a la altura del lugar denominado El Ret\u00e9n y en la salida de Pinotepa hacia la agencia de Collantes.<\/p>\n\n\n\n<p>El pasado 23 de junio, en un reporte preliminar, el titular de la Secretar\u00eda de Fomento Agroalimentario y Desarrollo Rural del Estado de Oaxaca (Sefader), V\u00edctor L\u00f3pez Leyva, se\u00f1al\u00f3 que eran al menos mil 650 hect\u00e1reas de cultivos las afectadas tras el paso del hurac\u00e1n Erick.&nbsp;<\/p>\n\n\n\n<p>El cultivo de la papaya fue el m\u00e1s afectado, con 750 hect\u00e1reas, seguido de la palma de coco con 350 hect\u00e1reas, el de lim\u00f3n con 300 hect\u00e1reas, m\u00e1s de 100 hect\u00e1reas de pl\u00e1tano da\u00f1ado y 100 hect\u00e1reas de mango.<\/p>\n\n\n\n<p>Fue el pasado 19 de junio cuando el hurac\u00e1n \u201cErick\u201d golpe\u00f3 las costas de Guerrero y Oaxaca, en la zona conocida como la Costa Chica, que abarca a poblaciones de ambos estados. El ojo del fen\u00f3meno entr\u00f3 por Corralero, una agencia afromexicana de Pinotepa Nacional, Oaxaca. Sin embargo, sus efectos han dejado estragos en al menos 68 comunidades de las dos entidades y en las que se estima que fueron afectadas m\u00e1s de 59 mil familias.<\/p>\n","protected":false},"excerpt":{"rendered":"<p>Lisbeth Mej\u00eda Reyes\/Zona Roja. Oaxaca, Oax., a 20 de agosto de 2025.- Despu\u00e9s de una&hellip;<\/p>\n","protected":false},"author":2,"featured_media":83738,"comment_status":"closed","ping_status":"open","sticky":false,"template":"","format":"standard","meta":{"_lmt_disableupdate":"","_lmt_disable":"","_jetpack_memberships_contains_paid_content":false,"footnotes":""},"categories":[109,47],"tags":[4342],"class_list":["post-83737","post","type-post","status-publish","format-standard","has-post-thumbnail","hentry","category-minuto-a-minuto","category-zona-gris","tag-huracan-erick"],"jetpack_featured_media_url":"https:\/\/zonaroja.com.mx\/wp-content\/uploads\/2025\/08\/Bloqueo-productores-Costa.jpg","jetpack_sharing_enabled":true,"_links":{"self":[{"href":"https:\/\/zonaroja.com.mx\/index.php?rest_route=\/wp\/v2\/posts\/83737","targetHints":{"allow":["GET"]}}],"collection":[{"href":"https:\/\/zonaroja.com.mx\/index.php?rest_route=\/wp\/v2\/posts"}],"about":[{"href":"https:\/\/zonaroja.com.mx\/index.php?rest_route=\/wp\/v2\/types\/post"}],"author":[{"embeddable":true,"href":"https:\/\/zonaroja.com.mx\/index.php?rest_route=\/wp\/v2\/users\/2"}],"replies":[{"embeddable":true,"href":"https:\/\/zonaroja.com.mx\/index.php?rest_route=%2Fwp%2Fv2%2Fcomments&post=83737"}],"version-history":[{"count":1,"href":"https:\/\/zonaroja.com.mx\/index.php?rest_route=\/wp\/v2\/posts\/83737\/revisions"}],"predecessor-version":[{"id":83739,"href":"https:\/\/zonaroja.com.mx\/index.php?rest_route=\/wp\/v2\/posts\/83737\/revisions\/83739"}],"wp:featuredmedia":[{"embeddable":true,"href":"https:\/\/zonaroja.com.mx\/index.php?rest_route=\/wp\/v2\/media\/83738"}],"wp:attachment":[{"href":"https:\/\/zonaroja.com.mx\/index.php?rest_route=%2Fwp%2Fv2%2Fmedia&parent=83737"}],"wp:term":[{"taxonomy":"category","embeddable":true,"href":"https:\/\/zonaroja.com.mx\/index.php?rest_route=%2Fwp%2Fv2%2Fcategories&post=83737"},{"taxonomy":"post_tag","embeddable":true,"href":"https:\/\/zonaroja.com.mx\/index.php?rest_route=%2Fwp%2Fv2%2Ftags&post=83737"}],"curies":[{"name":"wp","href":"https:\/\/api.w.org\/{rel}","templated":true}]}}