{"id":83746,"date":"2025-08-21T08:15:00","date_gmt":"2025-08-21T14:15:00","guid":{"rendered":"https:\/\/zonaroja.com.mx\/?p=83746"},"modified":"2025-08-21T06:57:58","modified_gmt":"2025-08-21T12:57:58","slug":"detienen-a-13-por-asesinato-de-dos-funcionarios-en-la-cdmx","status":"publish","type":"post","link":"https:\/\/zonaroja.com.mx\/?p=83746","title":{"rendered":"Detienen a 13 por asesinato de dos funcionarios en la Cdmx"},"content":{"rendered":"\n<p>Ciudad de M\u00e9xico, a 21 de agosto de 2025.- A tres meses del asesinato de Ximena Guzm\u00e1n y Jos\u00e9 Mu\u00f1oz, ambos colaboradores de la jefa de Gobierno de la Ciudad de M\u00e9xico, Clara Brugada, autoridades de la Cdmx informaron los avances en la investigaci\u00f3n del doble homicidio.<\/p>\n\n\n\n<p>Por la ma\u00f1ana, Clara Brugada inform\u00f3 de la detenci\u00f3n de 13 personas. M\u00e1s tarde, la fiscal General de Justicia de la Ciudad de M\u00e9xico, Bertha Alcalde Luj\u00e1n, dio m\u00e1s detalles de las investigaciones y de las personas detenidos.<\/p>\n\n\n\n<p>Sin embargo, a\u00fan quedan algunas preguntas sobre el m\u00f3vil del hecho, d\u00f3nde est\u00e1 el autor material, si los detenidos est\u00e1n relacionados con alg\u00fan grupo criminal y qui\u00e9n es el autor intelectual del asesinato de los colaboradores de Brugada.<\/p>\n\n\n\n<p>La fiscal inform\u00f3 que de las 13 personas que fueron detenidas, tres est\u00e1n vinculadas directamente con el asesinato de Ximena Guzm\u00e1n y Jos\u00e9 Mu\u00f1oz.<\/p>\n\n\n\n<p>Adem\u00e1s, otras tres personas ten\u00edan orden de aprehensi\u00f3n por delitos de homicidio y asociaci\u00f3n delictuosa, sin embargo, a\u00fan no se ha logrado dar con el paradero del autor material.<\/p>\n\n\n\n<p>Destac\u00f3 que los avances de la investigaci\u00f3n han girado en torno a los autores materiales y la operaci\u00f3n log\u00edstica que se requiri\u00f3 para realizar el homicidio.<\/p>\n\n\n\n<p>\u201cNo obstante, la investigaci\u00f3n contin\u00faa para dar con los dem\u00e1s autores materiales, incluyendo quien dispar\u00f3 el arma y los autores intelectuales, as\u00ed como la investigaci\u00f3n sobre el m\u00f3vil de este hecho\u201d, indic\u00f3 ante medios de comunicaci\u00f3n.<\/p>\n\n\n\n<p>\u00bfY EL AUTOR INTELECTUAL?<\/p>\n\n\n\n<p>La fiscal indic\u00f3 que la investigaci\u00f3n sobre el asesinato de los colaboradores de Clara Brugada segu\u00eda en curso y m\u00e1s adelante se dar\u00e1n a conocer nuevos avances del esclarecimiento de los hechos.<\/p>\n\n\n\n<p>Agreg\u00f3 que tambi\u00e9n se esperaba informar sobre la identificaci\u00f3n y detenci\u00f3n del resto de responsables, incluido el autor intelectual de este hecho.<\/p>\n\n\n\n<p>Destac\u00f3 que esta primera etapa de investigaci\u00f3n se centr\u00f3 en la autor\u00eda material de los hechos y que se continuar\u00e1 con la intelectual.<\/p>\n\n\n\n<p>Lo que s\u00ed afirm\u00f3 es que tras la investigaci\u00f3n se identific\u00f3 distintos inmuebles ubicados en la Ciudad de M\u00e9xico y el Estado de M\u00e9xico, que eran utilizados para realizar actividades il\u00edcitas y vinculados a la investigaci\u00f3n del homicidio.<\/p>\n\n\n\n<p>Confirm\u00f3 la participaci\u00f3n de al menos seis personas en la ejecuci\u00f3n material y los seguimientos al autom\u00f3vil que manejaba Ximena Guzm\u00e1n el d\u00eda 20 de mayo, cuando ocurri\u00f3 el asesinato en la Calzada Tlalpan.<\/p>\n\n\n\n<p>La fiscal Bertha Alcalde se\u00f1al\u00f3 que tambi\u00e9n se tienen identificados cinco veh\u00edculos que fueron usados para vigilar y asesinar a los trabajadores del gobierno de Clara Brugada.<\/p>\n\n\n\n<p>\u00bfY EL M\u00d3VIL?<\/p>\n\n\n\n<p>La tercera inc\u00f3gnita tiene que ver con el m\u00f3vil del asesinato de los colaboradores de Clara Brugada, pues los funcionarios de la Ciudad de M\u00e9xico se limitaron a decir que las investigaciones contin\u00faan.<\/p>\n\n\n\n<p>El titular de la Secretaria de Seguridad y Protecci\u00f3n Ciudadana, Pablo V\u00e1zquez, indic\u00f3 que se tienen distintas hip\u00f3tesis abiertas que no se han descartado, pero que la investigaci\u00f3n a\u00fan sigue en curso.<\/p>\n\n\n\n<p>\u201cDesde luego no descartamos hip\u00f3tesis relativas a la funci\u00f3n que desempe\u00f1aban nuestros compa\u00f1eros, pero todas esas hip\u00f3tesis se est\u00e1n fundamentando conforme avanza la investigaci\u00f3n\u201d, dijo.<\/p>\n\n\n\n<p>\u201cLes pedimos la comprensi\u00f3n a reservar en este momento la informaci\u00f3n que tengamos sobre las distintas hip\u00f3tesis del m\u00f3vil, pero seguimos avanzando en ello y en su momento desde luego las daremos a conocer\u201d, dijo.<\/p>\n\n\n\n<p>La fiscal General de Justicia de la CDMX, Bertha Alcalde Luj\u00e1n, indic\u00f3 que las personas detenidas est\u00e1n involucradas en actividades il\u00edcitas, pero no dio a conocer si se trataba de alg\u00fan grupo criminal en particular.<\/p>\n\n\n\n<p>\u201cCon relaci\u00f3n al grupo con el cual est\u00e1n vinculados, tambi\u00e9n forma parte del sigilo de la investigaci\u00f3n, hay varias en curso que tienen que ver con distintos grupos que cometen distintos delitos\u201d, coment\u00f3.<\/p>\n\n\n\n<p>Pablo V\u00e1zquez Camacho agreg\u00f3 que los inmuebles est\u00e1n relacionados con delitos de venta y posesi\u00f3n de armas, as\u00ed como el robo de veh\u00edculos.<\/p>\n\n\n\n<p>El secretario de Seguridad de la CDMX indic\u00f3 que la persona que dispar\u00f3 contra Ximena Guzm\u00e1n y Jos\u00e9 Mu\u00f1oz sab\u00eda usar armas.<\/p>\n\n\n\n<p>(Informaci\u00f3n de \u201cEl Financiero\u201d)<\/p>\n","protected":false},"excerpt":{"rendered":"<p>Ciudad de M\u00e9xico, a 21 de agosto de 2025.- A tres meses del asesinato de&hellip;<\/p>\n","protected":false},"author":2,"featured_media":83747,"comment_status":"closed","ping_status":"open","sticky":false,"template":"","format":"standard","meta":{"_lmt_disableupdate":"","_lmt_disable":"","_jetpack_memberships_contains_paid_content":false,"footnotes":""},"categories":[109,46],"tags":[],"class_list":["post-83746","post","type-post","status-publish","format-standard","has-post-thumbnail","hentry","category-minuto-a-minuto","category-zona-blanca"],"jetpack_featured_media_url":"https:\/\/zonaroja.com.mx\/wp-content\/uploads\/2025\/08\/Detenidos-asesinatos-funcionarios-Cdmx.webp","jetpack_sharing_enabled":true,"_links":{"self":[{"href":"https:\/\/zonaroja.com.mx\/index.php?rest_route=\/wp\/v2\/posts\/83746","targetHints":{"allow":["GET"]}}],"collection":[{"href":"https:\/\/zonaroja.com.mx\/index.php?rest_route=\/wp\/v2\/posts"}],"about":[{"href":"https:\/\/zonaroja.com.mx\/index.php?rest_route=\/wp\/v2\/types\/post"}],"author":[{"embeddable":true,"href":"https:\/\/zonaroja.com.mx\/index.php?rest_route=\/wp\/v2\/users\/2"}],"replies":[{"embeddable":true,"href":"https:\/\/zonaroja.com.mx\/index.php?rest_route=%2Fwp%2Fv2%2Fcomments&post=83746"}],"version-history":[{"count":1,"href":"https:\/\/zonaroja.com.mx\/index.php?rest_route=\/wp\/v2\/posts\/83746\/revisions"}],"predecessor-version":[{"id":83748,"href":"https:\/\/zonaroja.com.mx\/index.php?rest_route=\/wp\/v2\/posts\/83746\/revisions\/83748"}],"wp:featuredmedia":[{"embeddable":true,"href":"https:\/\/zonaroja.com.mx\/index.php?rest_route=\/wp\/v2\/media\/83747"}],"wp:attachment":[{"href":"https:\/\/zonaroja.com.mx\/index.php?rest_route=%2Fwp%2Fv2%2Fmedia&parent=83746"}],"wp:term":[{"taxonomy":"category","embeddable":true,"href":"https:\/\/zonaroja.com.mx\/index.php?rest_route=%2Fwp%2Fv2%2Fcategories&post=83746"},{"taxonomy":"post_tag","embeddable":true,"href":"https:\/\/zonaroja.com.mx\/index.php?rest_route=%2Fwp%2Fv2%2Ftags&post=83746"}],"curies":[{"name":"wp","href":"https:\/\/api.w.org\/{rel}","templated":true}]}}