{"id":83749,"date":"2025-08-21T08:58:00","date_gmt":"2025-08-21T14:58:00","guid":{"rendered":"https:\/\/zonaroja.com.mx\/?p=83749"},"modified":"2025-08-21T07:06:51","modified_gmt":"2025-08-21T13:06:51","slug":"entrega-el-dif-oaxaca-apoyos-alimentarios-y-equipos","status":"publish","type":"post","link":"https:\/\/zonaroja.com.mx\/?p=83749","title":{"rendered":"Entrega el DIF Oaxaca apoyos alimentarios y equipos\u00a0"},"content":{"rendered":"\n<p>Redacci\u00f3n\/Zona Roja.&nbsp;<\/p>\n\n\n\n<p>Oaxaca, Oax., a 21 de agosto de 2025.- El Sistema DIF Oaxaca entreg\u00f3 ayer 200 equipamientos de utensilios Cocina Saludable, a comit\u00e9s de comedores beneficiarios de las ocho regiones, como parte del programa Desayuno de Letritas y del subprograma Guisos de mi Pueblo.<\/p>\n\n\n\n<p>El acto fue encabezado por la presidenta honoraria del organismo, Irma Bola\u00f1os Quijano, junto al gobernador Salom\u00f3n Jara Cruz, con la presencia del subdirector de Capacitaci\u00f3n y Vinculaci\u00f3n Interinstitucional del Sistema Nacional para el Desarrollo Integral de la Familia (SNDIF), Jos\u00e9 Rodolfo P\u00e9rez Ruiz.<\/p>\n\n\n\n<p>En este marco tambi\u00e9n se otorgaron auxiliares auditivos, aparatos funcionales y de movilidad, as\u00ed como lentes de vista cansada y canastas alimentarias a habitantes de Valles Centrales.<\/p>\n\n\n\n<p>Ante autoridades municipales, comit\u00e9s DIF municipales y ciudadan\u00eda oaxaque\u00f1a, la presidenta honoraria del DIF, Irma Bola\u00f1os, refrend\u00f3 que todos los d\u00edas trabajan para que cada ni\u00f1a, ni\u00f1o y persona con carencia alimentaria, tengan el abrazo cari\u00f1oso de un plato de comida en la mesa.<\/p>\n\n\n\n<p>\u201cDetr\u00e1s de cada raci\u00f3n, hay tambi\u00e9n una promesa para nuestras ni\u00f1as y ni\u00f1os: queremos que crezcan sanos y no dejen de so\u00f1ar. Nuestros programas alimentarios no solo han sido un factor fundamental para la reducci\u00f3n hist\u00f3rica de la pobreza y la carencia por alimentaci\u00f3n en los dos primeros a\u00f1os de la Primavera Oaxaque\u00f1a tambi\u00e9n son la prueba viva de que aqu\u00ed no se deja a nadie atr\u00e1s y se pone por delante a los que menos tienen\u201d, sostuvo.<\/p>\n\n\n\n<figure class=\"wp-block-image size-full\"><img decoding=\"async\" width=\"900\" height=\"550\" src=\"https:\/\/zonaroja.com.mx\/wp-content\/uploads\/2025\/08\/Irma-Bolanos-DIF-Oaxaca.jpeg\" alt=\"\" class=\"wp-image-83750\" srcset=\"https:\/\/zonaroja.com.mx\/wp-content\/uploads\/2025\/08\/Irma-Bolanos-DIF-Oaxaca.jpeg 900w, https:\/\/zonaroja.com.mx\/wp-content\/uploads\/2025\/08\/Irma-Bolanos-DIF-Oaxaca-300x183.jpeg 300w, https:\/\/zonaroja.com.mx\/wp-content\/uploads\/2025\/08\/Irma-Bolanos-DIF-Oaxaca-768x469.jpeg 768w, https:\/\/zonaroja.com.mx\/wp-content\/uploads\/2025\/08\/Irma-Bolanos-DIF-Oaxaca-585x358.jpeg 585w\" sizes=\"(max-width: 900px) 100vw, 900px\" \/><\/figure>\n\n\n\n<p>A su vez, el mandatario estatal, Salom\u00f3n Jara, dijo sentirse honrado porque la cadena de solidaridad que representan las personas involucradas en la preparaci\u00f3n de alimentos calientes para la ni\u00f1ez y familias, ha permitido que tengan acceso a una alimentaci\u00f3n saludable y digna.<\/p>\n\n\n\n<p>Los programas de la Direcci\u00f3n de Operaci\u00f3n de Asistencia Alimentaria del DIF Oaxaca son una pol\u00edtica social de gran importancia para el Gobierno de la Primavera Oaxaque\u00f1a toda vez que apuestan por el futuro de Oaxaca.&nbsp;<\/p>\n\n\n\n<p>En su oportunidad, el subdirector de Capacitaci\u00f3n y Vinculaci\u00f3n Interinstitucional del SNDIF, Jos\u00e9 Rodolfo P\u00e9rez Ruiz, destac\u00f3 que cada equipamiento es m\u00e1s que una herramienta, es un s\u00edmbolo de salud, educaci\u00f3n nutricional y cohesi\u00f3n social, lo que impulsa el desarrollo de las comunidades.<\/p>\n\n\n\n<p>\u201cTan solo este 2025 con presupuesto del Fondo de Aportaciones M\u00faltiples (FAM) del componente de asistencia social est\u00e1 programado un presupuesto para Oaxaca un monto de 950 millones de pesos, lo que demuestra el compromiso del Gobierno Federal para generar un cambio profundo entre los tres niveles de gobierno\u201d, inform\u00f3.<\/p>\n\n\n\n<p>Es de destacar que este mi\u00e9rcoles se oficializ\u00f3 la entrega de 108 equipamientos de utensilios Cocina Saludables, que sumados a los 92 otorgados por parte de la presidenta honoraria durante su trabajo por territorio, suman 200 equipamientos los que se han distribuido en las ocho regiones del estado.<\/p>\n","protected":false},"excerpt":{"rendered":"<p>Redacci\u00f3n\/Zona Roja.&nbsp; Oaxaca, Oax., a 21 de agosto de 2025.- El Sistema DIF Oaxaca entreg\u00f3&hellip;<\/p>\n","protected":false},"author":2,"featured_media":83751,"comment_status":"closed","ping_status":"open","sticky":false,"template":"","format":"standard","meta":{"_lmt_disableupdate":"","_lmt_disable":"","_jetpack_memberships_contains_paid_content":false,"footnotes":""},"categories":[109,46],"tags":[841,3682],"class_list":["post-83749","post","type-post","status-publish","format-standard","has-post-thumbnail","hentry","category-minuto-a-minuto","category-zona-blanca","tag-dif-oaxaca","tag-irma-bolanos-quijano"],"jetpack_featured_media_url":"https:\/\/zonaroja.com.mx\/wp-content\/uploads\/2025\/08\/Entrega-apoyos-DIF-gobernador-Jara.jpeg","jetpack_sharing_enabled":true,"_links":{"self":[{"href":"https:\/\/zonaroja.com.mx\/index.php?rest_route=\/wp\/v2\/posts\/83749","targetHints":{"allow":["GET"]}}],"collection":[{"href":"https:\/\/zonaroja.com.mx\/index.php?rest_route=\/wp\/v2\/posts"}],"about":[{"href":"https:\/\/zonaroja.com.mx\/index.php?rest_route=\/wp\/v2\/types\/post"}],"author":[{"embeddable":true,"href":"https:\/\/zonaroja.com.mx\/index.php?rest_route=\/wp\/v2\/users\/2"}],"replies":[{"embeddable":true,"href":"https:\/\/zonaroja.com.mx\/index.php?rest_route=%2Fwp%2Fv2%2Fcomments&post=83749"}],"version-history":[{"count":1,"href":"https:\/\/zonaroja.com.mx\/index.php?rest_route=\/wp\/v2\/posts\/83749\/revisions"}],"predecessor-version":[{"id":83752,"href":"https:\/\/zonaroja.com.mx\/index.php?rest_route=\/wp\/v2\/posts\/83749\/revisions\/83752"}],"wp:featuredmedia":[{"embeddable":true,"href":"https:\/\/zonaroja.com.mx\/index.php?rest_route=\/wp\/v2\/media\/83751"}],"wp:attachment":[{"href":"https:\/\/zonaroja.com.mx\/index.php?rest_route=%2Fwp%2Fv2%2Fmedia&parent=83749"}],"wp:term":[{"taxonomy":"category","embeddable":true,"href":"https:\/\/zonaroja.com.mx\/index.php?rest_route=%2Fwp%2Fv2%2Fcategories&post=83749"},{"taxonomy":"post_tag","embeddable":true,"href":"https:\/\/zonaroja.com.mx\/index.php?rest_route=%2Fwp%2Fv2%2Ftags&post=83749"}],"curies":[{"name":"wp","href":"https:\/\/api.w.org\/{rel}","templated":true}]}}