{"id":83753,"date":"2025-08-21T10:00:00","date_gmt":"2025-08-21T16:00:00","guid":{"rendered":"https:\/\/zonaroja.com.mx\/?p=83753"},"modified":"2025-08-21T07:29:21","modified_gmt":"2025-08-21T13:29:21","slug":"artistas-unieron-sus-voces-por-la-costa-chica-de-oaxaca","status":"publish","type":"post","link":"https:\/\/zonaroja.com.mx\/?p=83753","title":{"rendered":"Artistas unieron sus voces por la Costa Chica de Oaxaca"},"content":{"rendered":"\n<p>Lisbeth Mej\u00eda Reyes\/Zona Roja.<\/p>\n\n\n\n<p>Oaxaca, Oax., a 21 de agosto de 2025.- Unidos por el deseo de apoyar a familias afectadas por el hurac\u00e1n \u201cErick\u00bb, artistas mexicanos ofrecieron este domingo un concierto a beneficio en el Centro Cultural El Cantoral, en la Ciudad de M\u00e9xico.<\/p>\n\n\n\n<p>Bajo el lema de \u00ab\u00a1La Costa Chica se levanta con m\u00fasica!\u201d, participaron las cantantes Regina Orozco, Astrid Hadad, Mar\u00eda In\u00e9s Am\u00e9zquita y Alejandra Robles. Tambi\u00e9n el flautista Horacio Franco, el arpista paraguayo- mexicano Celso Duarte y la compa\u00f1\u00eda de danza Alma Cimarrona.<\/p>\n\n\n\n<p>La senadora Susana Harp, una de las impulsoras del concierto junto con la oaxaque\u00f1a Alejandra Robles, coment\u00f3 que fue un \u00abencuentro vibrante, amoroso y lleno de talento\u00bb.<\/p>\n\n\n\n<p>A trav\u00e9s de sus redes sociales, Harp se\u00f1al\u00f3 que \u00abquien acudi\u00f3 a El Cantoral, arriba o abajo del escenario, fue por apoyar a las comunidades afromexicanas de esta regi\u00f3n afectadas por el hurac\u00e1n Erick que dej\u00f3 una estela de destrucci\u00f3n a su paso, hace unas cuantas semanas\u00bb.<\/p>\n\n\n\n<p>La legisladora tambi\u00e9n agradeci\u00f3 la solidaridad de las y los artistas, as\u00ed como del equipo t\u00e9cnico y de todas las personas que se unieron en este concierto de solidaridad con las comunidades afromexicanas.<\/p>\n\n\n\n<p>El concierto se realiz\u00f3 el domingo 17 de agosto y seg\u00fan lo externado por las y los artistas, lo recabado ser\u00e1 para apoyar a familias afectadas por el hurac\u00e1n que golpe\u00f3 la costa chica el pasado 19 de junio.&nbsp;<\/p>\n\n\n\n<p>Se espera que este recurso se enfoque en alguna de las comunidades afromexicanas, a fin de tener el mayor impacto posible.<\/p>\n\n\n\n<p>Fue el 19 de junio cuando el hurac\u00e1n \u201cErick\u201d golpe\u00f3 las costas de Guerrero y Oaxaca, en la zona conocida como la Costa Chica, que abarca a poblaciones de ambos estados.&nbsp;<\/p>\n\n\n\n<p>El ojo del fen\u00f3meno entr\u00f3 por Corralero, una agencia afromexicana de Pinotepa Nacional, Oaxaca. Sin embargo, sus efectos han dejado estragos en al menos 68 comunidades de las dos entidades y en las que se estima que fueron afectadas m\u00e1s de 59 mil familias y sus cultivos.<\/p>\n","protected":false},"excerpt":{"rendered":"<p>Lisbeth Mej\u00eda Reyes\/Zona Roja. Oaxaca, Oax., a 21 de agosto de 2025.- Unidos por el&hellip;<\/p>\n","protected":false},"author":2,"featured_media":83754,"comment_status":"closed","ping_status":"open","sticky":false,"template":"","format":"standard","meta":{"_lmt_disableupdate":"","_lmt_disable":"","_jetpack_memberships_contains_paid_content":false,"footnotes":""},"categories":[109,46],"tags":[1685],"class_list":["post-83753","post","type-post","status-publish","format-standard","has-post-thumbnail","hentry","category-minuto-a-minuto","category-zona-blanca","tag-susana-harp-iturribarria"],"jetpack_featured_media_url":"https:\/\/zonaroja.com.mx\/wp-content\/uploads\/2025\/08\/Concierto-mujeres-por-la-Costa-huracan-Erock.jpg","jetpack_sharing_enabled":true,"_links":{"self":[{"href":"https:\/\/zonaroja.com.mx\/index.php?rest_route=\/wp\/v2\/posts\/83753","targetHints":{"allow":["GET"]}}],"collection":[{"href":"https:\/\/zonaroja.com.mx\/index.php?rest_route=\/wp\/v2\/posts"}],"about":[{"href":"https:\/\/zonaroja.com.mx\/index.php?rest_route=\/wp\/v2\/types\/post"}],"author":[{"embeddable":true,"href":"https:\/\/zonaroja.com.mx\/index.php?rest_route=\/wp\/v2\/users\/2"}],"replies":[{"embeddable":true,"href":"https:\/\/zonaroja.com.mx\/index.php?rest_route=%2Fwp%2Fv2%2Fcomments&post=83753"}],"version-history":[{"count":1,"href":"https:\/\/zonaroja.com.mx\/index.php?rest_route=\/wp\/v2\/posts\/83753\/revisions"}],"predecessor-version":[{"id":83755,"href":"https:\/\/zonaroja.com.mx\/index.php?rest_route=\/wp\/v2\/posts\/83753\/revisions\/83755"}],"wp:featuredmedia":[{"embeddable":true,"href":"https:\/\/zonaroja.com.mx\/index.php?rest_route=\/wp\/v2\/media\/83754"}],"wp:attachment":[{"href":"https:\/\/zonaroja.com.mx\/index.php?rest_route=%2Fwp%2Fv2%2Fmedia&parent=83753"}],"wp:term":[{"taxonomy":"category","embeddable":true,"href":"https:\/\/zonaroja.com.mx\/index.php?rest_route=%2Fwp%2Fv2%2Fcategories&post=83753"},{"taxonomy":"post_tag","embeddable":true,"href":"https:\/\/zonaroja.com.mx\/index.php?rest_route=%2Fwp%2Fv2%2Ftags&post=83753"}],"curies":[{"name":"wp","href":"https:\/\/api.w.org\/{rel}","templated":true}]}}