{"id":83762,"date":"2025-08-21T13:02:00","date_gmt":"2025-08-21T19:02:00","guid":{"rendered":"https:\/\/zonaroja.com.mx\/?p=83762"},"modified":"2025-08-21T08:13:58","modified_gmt":"2025-08-21T14:13:58","slug":"cierra-era-de-opacidad-en-la-scjn-inicia-periodo-de-justicia-popular-amt","status":"publish","type":"post","link":"https:\/\/zonaroja.com.mx\/?p=83762","title":{"rendered":"Cierra era de opacidad en la SCJN; inicia periodo de justicia popular: AMT"},"content":{"rendered":"\n<p>Redacci\u00f3n\/Zona Roja Cdmx.<\/p>\n\n\n\n<p>Ciudad de M\u00e9xico, a 21 de agosto de 2025.- La \u00faltima sesi\u00f3n de la Suprema Corte de Justicia de la Naci\u00f3n representa la clausura de un poder que perdi\u00f3 su rumbo y se alej\u00f3 de la gente, declar\u00f3 el senador por Oaxaca, Antonino Morales Toledo, quien enfatiz\u00f3 que este cierre representa el fin de un lamentable ciclo de opacidad y el preludio de la verdadera transformaci\u00f3n judicial.<\/p>\n\n\n\n<p>\u201cHoy se baja el tel\u00f3n de un poder que durante d\u00e9cadas fue baluarte del neoliberalismo, que ampar\u00f3 privilegios y fue sordo al clamor de justicia de las mayor\u00edas. Un modelo agotado, donde la justicia era una mercanc\u00eda para quien pudiera pagarla. La despedida no es de personas, es de un abuso del poder que el pueblo soberanamente ha revocado\u201d, afirm\u00f3 el legislador oaxaque\u00f1o.<\/p>\n\n\n\n<p>Morales Toledo contrast\u00f3 este episodio final con el nuevo cap\u00edtulo que est\u00e1 pr\u00f3ximo. \u201cEl 1 de septiembre no es solo un cambio de integrantes; es el amanecer de un nuevo poder judicial. Por primera vez, las y los juzgadores llegan con la legitimidad inquebrantable que otorga el voto popular. Llegan para servir, no para ser servidos; para impartir justicia con equidad, sin distinci\u00f3n entre poderosos y humildes\u201d.<\/p>\n\n\n\n<p>El legislador zapoteco expres\u00f3 un orgullo especial por la pr\u00f3xima toma de protesta de Hugo Aguilar Ortiz, primer presidente de la renovada SCJN y orgullo oaxaque\u00f1o.<\/p>\n\n\n\n<p>\u201cEn \u00e9l recae la enorme responsabilidad de liderar esta transici\u00f3n hist\u00f3rica. Tengo la plena certeza de que encarnar\u00e1 los principios de austeridad, honradez y cercan\u00eda con la gente. Barrer\u00e1 con las pr\u00e1cticas de corrupci\u00f3n y nepotismo desde la cima, restableciendo la credibilidad de la instituci\u00f3n\u201d, dijo Nino Morales.<\/p>\n\n\n\n<p>Finalmente, el senador Morales Toledo recalc\u00f3 que este cambio es un escal\u00f3n m\u00e1s en el proceso de transformaci\u00f3n nacional que inici\u00f3 en 2018 con el presidente Andr\u00e9s Manuel L\u00f3pez Obrador y que hoy consolida la presidenta Claudia Sheinbaum.<\/p>\n\n\n\n<p>\u201cLa ministra presidenta saliente se equivoca al pensar que este es el fin de un ciclo en la vida p\u00fablica. El ciclo que termin\u00f3 es el suyo, el de la vieja guardia. El nuestro, el de la Cuarta Transformaci\u00f3n, contin\u00faa su marcha imparable. Este es el cumplimiento de una promesa hecha al pueblo de M\u00e9xico: devolverle el control de sus instituciones para que, por fin, la justicia no sea un privilegio, sino un derecho garantizado para todos\u201d, concluy\u00f3.<\/p>\n","protected":false},"excerpt":{"rendered":"<p>Redacci\u00f3n\/Zona Roja Cdmx. Ciudad de M\u00e9xico, a 21 de agosto de 2025.- La \u00faltima sesi\u00f3n&hellip;<\/p>\n","protected":false},"author":2,"featured_media":78557,"comment_status":"closed","ping_status":"open","sticky":false,"template":"","format":"standard","meta":{"_lmt_disableupdate":"","_lmt_disable":"","_jetpack_memberships_contains_paid_content":false,"footnotes":""},"categories":[109,46],"tags":[180],"class_list":["post-83762","post","type-post","status-publish","format-standard","has-post-thumbnail","hentry","category-minuto-a-minuto","category-zona-blanca","tag-antonino-morales-toledo"],"jetpack_featured_media_url":"https:\/\/zonaroja.com.mx\/wp-content\/uploads\/2025\/03\/Antonino-Morales-Toledo.jpeg","jetpack_sharing_enabled":true,"_links":{"self":[{"href":"https:\/\/zonaroja.com.mx\/index.php?rest_route=\/wp\/v2\/posts\/83762","targetHints":{"allow":["GET"]}}],"collection":[{"href":"https:\/\/zonaroja.com.mx\/index.php?rest_route=\/wp\/v2\/posts"}],"about":[{"href":"https:\/\/zonaroja.com.mx\/index.php?rest_route=\/wp\/v2\/types\/post"}],"author":[{"embeddable":true,"href":"https:\/\/zonaroja.com.mx\/index.php?rest_route=\/wp\/v2\/users\/2"}],"replies":[{"embeddable":true,"href":"https:\/\/zonaroja.com.mx\/index.php?rest_route=%2Fwp%2Fv2%2Fcomments&post=83762"}],"version-history":[{"count":1,"href":"https:\/\/zonaroja.com.mx\/index.php?rest_route=\/wp\/v2\/posts\/83762\/revisions"}],"predecessor-version":[{"id":83763,"href":"https:\/\/zonaroja.com.mx\/index.php?rest_route=\/wp\/v2\/posts\/83762\/revisions\/83763"}],"wp:featuredmedia":[{"embeddable":true,"href":"https:\/\/zonaroja.com.mx\/index.php?rest_route=\/wp\/v2\/media\/78557"}],"wp:attachment":[{"href":"https:\/\/zonaroja.com.mx\/index.php?rest_route=%2Fwp%2Fv2%2Fmedia&parent=83762"}],"wp:term":[{"taxonomy":"category","embeddable":true,"href":"https:\/\/zonaroja.com.mx\/index.php?rest_route=%2Fwp%2Fv2%2Fcategories&post=83762"},{"taxonomy":"post_tag","embeddable":true,"href":"https:\/\/zonaroja.com.mx\/index.php?rest_route=%2Fwp%2Fv2%2Ftags&post=83762"}],"curies":[{"name":"wp","href":"https:\/\/api.w.org\/{rel}","templated":true}]}}