{"id":83765,"date":"2025-08-21T15:18:42","date_gmt":"2025-08-21T21:18:42","guid":{"rendered":"https:\/\/zonaroja.com.mx\/?p=83765"},"modified":"2025-08-21T16:02:27","modified_gmt":"2025-08-21T22:02:27","slug":"se-disculpa-adidas-de-mexico-con-yalalag-por-apropiacion-cultural-de-huarache","status":"publish","type":"post","link":"https:\/\/zonaroja.com.mx\/?p=83765","title":{"rendered":"Se disculpa Adidas de M\u00e9xico con Yal\u00e1lag, por apropiaci\u00f3n cultural de huarache&nbsp;"},"content":{"rendered":"\n<p>Lisbeth Mej\u00eda Reyes&nbsp;<\/p>\n\n\n\n<p>Oaxaca, Oax., a 21 de agosto de 20205.- Obligada por los se\u00f1alamientos de la asamblea comunitaria y de los gobiernos estatal y federal por haber incurrido en apropiaci\u00f3n cultural, la empresa Adidas M\u00e9xico se disculp\u00f3 p\u00fablicamente este jueves con la poblaci\u00f3n de Villa Hidalgo Yal\u00e1lag, en aquel municipio zapoteca de Oaxaca. Sin embargo, en el evento el ausente fue el creador del calzado \u00abOaxaca slip on\u00bb, el dise\u00f1ador m\u00e9xico-americano Willy Chavarr\u00eda.<\/p>\n\n\n\n<p>Karen Gonz\u00e1lez, directora legal de Adidas M\u00e9xico, reconoci\u00f3 ante la poblaci\u00f3n que el modelo \u00abOaxaca slip on\u00bb fue concebido \u00abtomando inspiraci\u00f3n de un dise\u00f1o originario del estado de Oaxaca, propio de la tradici\u00f3n del pueblo de Villa Hidalgo Yal\u00e1lag\u00bb y que \u00abesta situaci\u00f3n pudo haber causado malestar, por lo cual les ofrecemos una disculpa p\u00fablica\u00bb.<\/p>\n\n\n\n<p>La representante dijo a nombre de la empresa que evitar\u00e1n actuar sin la gu\u00eda y colaboraci\u00f3n de la comunidad.<\/p>\n\n\n\n<p>\u201cReiteramos nuestro compromiso de trabajar de manera colaborativa con la comunidad de Yal\u00e1lag estableciendo un di\u00e1logo basado en el respeto, la escucha y el reconocimiento de su herencia cultural\u00bb.<\/p>\n\n\n\n<p>NO DE COMERCIALIZA<\/p>\n\n\n\n<p>Posteriormente, en entrevista colectiva con periodistas que acudieron al evento, la representante de Adidas asegur\u00f3 que el modelo no se est\u00e1 comercializando y que esto ser\u00e1 una decisi\u00f3n que se tomar\u00e1 con la comunidad.&nbsp;<\/p>\n\n\n\n<p>Tambi\u00e9n respondi\u00f3 que ser\u00e1 despu\u00e9s cuando se aborden las posibilidades de reparaci\u00f3n, esto al ser cuestionada sobre si las tres peticiones difundidas en un bolet\u00edn oficial del pasado lunes eran las que se hab\u00edan hecho ante la empresa.<\/p>\n\n\n\n<p>La disculpa p\u00fablica se di\u00f3 a m\u00e1s de dos semanas de que la empresa y el dise\u00f1ador presentaron el modelo en el Museo de Arte de Puerto Rico.&nbsp;<\/p>\n\n\n\n<p>Tambi\u00e9n en medio del reclamo del estado de Michoac\u00e1n por el modelo, al asegurar que este se bas\u00f3 en el huarache tradicional conocido como pachuco y originario del municipio de Sahuayo.<\/p>\n\n\n\n<p>Para la ocasi\u00f3n, en la que se recibi\u00f3 a la representante de la empresa y autoridades estatales y federales, la poblaci\u00f3n de Yal\u00e1lag prepar\u00f3 una ceremonia con danzas y m\u00fasica tradicionales, as\u00ed como una muestra del oficio huarachero. Tambi\u00e9n se firm\u00f3 el documento de la disculpa.<\/p>\n\n\n\n<p>Durante el programa, la comunidad yalalteca explic\u00f3 que desde 1890 ya se contaba con un padr\u00f3n de 35 familias artesanas dedicadas a la elaboraci\u00f3n de huaraches.&nbsp;<\/p>\n\n\n\n<p>Para 1932, seg\u00fan el libro \u00abYal\u00e1lag, una villa zapoteca\u00bb, de Julio de la Fuente, eran 15 familias de huaracheros y zapateros y para el a\u00f1o 2025 son 85 artesanos huaracheros que mantienen esta herencia y sustento de sus familias, se detall\u00f3.&nbsp;<\/p>\n\n\n\n<p>Adem\u00e1s, la poblaci\u00f3n enfatiz\u00f3 que la huaracher\u00eda no solo es un arte, t\u00e9cnica o un oficio sino parte fundamental de la identidad comunitaria.<\/p>\n\n\n\n<p>En la ceremonia estuvieron presentes, entre otros funcionarios, el presidente municipal de Villa Hidalgo Yal\u00e1lag, Erick Ignacio Fabi\u00e1n; el secretario de las Culturas y Artes de Oaxaca, Flavio Sosa Villavicencio; el de Desarrollo Econ\u00f3mico, Ra\u00fal Ruiz; as\u00ed como representantes del Instituto Nacional del Derecho de Autor y del Instituto Nacional de los Pueblos Ind\u00edgenas.<\/p>\n\n\n\n<p><a href=\"https:\/\/x.com\/zonaroja_oaxaca\/status\/1958599231708832151?s=46\">https:\/\/x.com\/zonaroja_oaxaca\/status\/1958599231708832151?s=46<\/a><\/p>\n","protected":false},"excerpt":{"rendered":"<p>Lisbeth Mej\u00eda Reyes&nbsp; Oaxaca, Oax., a 21 de agosto de 20205.- Obligada por los se\u00f1alamientos&hellip;<\/p>\n","protected":false},"author":2,"featured_media":83764,"comment_status":"closed","ping_status":"open","sticky":false,"template":"","format":"standard","meta":{"_lmt_disableupdate":"","_lmt_disable":"","_jetpack_memberships_contains_paid_content":false,"footnotes":""},"categories":[109,46],"tags":[],"class_list":["post-83765","post","type-post","status-publish","format-standard","has-post-thumbnail","hentry","category-minuto-a-minuto","category-zona-blanca"],"jetpack_featured_media_url":"https:\/\/zonaroja.com.mx\/wp-content\/uploads\/2025\/08\/87464168-7c17-4089-a33a-aeae6a314798.jpg","jetpack_sharing_enabled":true,"_links":{"self":[{"href":"https:\/\/zonaroja.com.mx\/index.php?rest_route=\/wp\/v2\/posts\/83765","targetHints":{"allow":["GET"]}}],"collection":[{"href":"https:\/\/zonaroja.com.mx\/index.php?rest_route=\/wp\/v2\/posts"}],"about":[{"href":"https:\/\/zonaroja.com.mx\/index.php?rest_route=\/wp\/v2\/types\/post"}],"author":[{"embeddable":true,"href":"https:\/\/zonaroja.com.mx\/index.php?rest_route=\/wp\/v2\/users\/2"}],"replies":[{"embeddable":true,"href":"https:\/\/zonaroja.com.mx\/index.php?rest_route=%2Fwp%2Fv2%2Fcomments&post=83765"}],"version-history":[{"count":2,"href":"https:\/\/zonaroja.com.mx\/index.php?rest_route=\/wp\/v2\/posts\/83765\/revisions"}],"predecessor-version":[{"id":83767,"href":"https:\/\/zonaroja.com.mx\/index.php?rest_route=\/wp\/v2\/posts\/83765\/revisions\/83767"}],"wp:featuredmedia":[{"embeddable":true,"href":"https:\/\/zonaroja.com.mx\/index.php?rest_route=\/wp\/v2\/media\/83764"}],"wp:attachment":[{"href":"https:\/\/zonaroja.com.mx\/index.php?rest_route=%2Fwp%2Fv2%2Fmedia&parent=83765"}],"wp:term":[{"taxonomy":"category","embeddable":true,"href":"https:\/\/zonaroja.com.mx\/index.php?rest_route=%2Fwp%2Fv2%2Fcategories&post=83765"},{"taxonomy":"post_tag","embeddable":true,"href":"https:\/\/zonaroja.com.mx\/index.php?rest_route=%2Fwp%2Fv2%2Ftags&post=83765"}],"curies":[{"name":"wp","href":"https:\/\/api.w.org\/{rel}","templated":true}]}}