{"id":83768,"date":"2025-08-21T19:13:30","date_gmt":"2025-08-22T01:13:30","guid":{"rendered":"https:\/\/zonaroja.com.mx\/?p=83768"},"modified":"2025-08-21T19:13:32","modified_gmt":"2025-08-22T01:13:32","slug":"julio-cesar-chavez-jr-peligroso-criminal-con-vinculos-con-el-chapo","status":"publish","type":"post","link":"https:\/\/zonaroja.com.mx\/?p=83768","title":{"rendered":"Julio C\u00e9sar Ch\u00e1vez Jr., \u201cpeligroso criminal con v\u00ednculos con \u2018El Chapo\u2019\u201d"},"content":{"rendered":"\n<p>Redacci\u00f3n\/Zona Roja Cdmx.<\/p>\n\n\n\n<p>Ciudad de M\u00e9xico, a 21 de agosto de 2025.- El Servicio de Inmigraci\u00f3n y Control de Aduanas de EEUU (ICE, por sus siglas en ingl\u00e9s) presumi\u00f3 la deportaci\u00f3n y entrega de Julio C\u00e9sar Ch\u00e1vez Jr. a las autoridades mexicanas luego de ser detenido en California, Estados Unidos, el pasado 2 de julio.<\/p>\n\n\n\n<p>A trav\u00e9s de sus redes sociales fue compartido un video del momento en el que Ch\u00e1vez era custodiado por agentes de la corporaci\u00f3n para ser entregado a M\u00e9xico al tener una orden de aprehensi\u00f3n vigente en su contra por delincuencia organizada y tr\u00e1fico de armas.<\/p>\n\n\n\n<p>En el material se observa al boxeador esposado de manos y pies mientras es deportado y custodiado por al menos cuatro agentes del ICE que permanecen con los rostros cubiertos.<\/p>\n\n\n\n<p>\u201cEl Equipo de Respuesta Especial de la Oficina de Detenci\u00f3n y Deportaci\u00f3n (ERO) de Phoenix, con el apoyo de ERO Internacional, expuls\u00f3 a Julio C\u00e9sar Ch\u00e1vez, fugitivo mexicano buscado por tr\u00e1fico de armas el 18 de agosto de 2025. ICE Phoenix mantiene su compromiso de expulsar a quienes representan un riesgo para la seguridad p\u00fablica\u201d, se lee en la publicaci\u00f3n.<\/p>\n\n\n\n<p>El ICE emiti\u00f3 un comunicado sobre la deportaci\u00f3n del excampe\u00f3n mundial en la que lo defini\u00f3 como un \u201cpeligroso criminal\u201d con nexos con el exl\u00edder del C\u00e1rtel de Sinaloa, Joaqu\u00edn \u201cEl Chapo\u201d Guzm\u00e1n Loera, quien se encuentra recluido en la ADX Florence y cumple una sentencia de cadena perpetua m\u00e1s 30 a\u00f1os.<\/p>\n\n\n\n<p>\u201cICE deporta a peligroso criminal extranjero buscado en M\u00e9xico con v\u00ednculos con \u2018El Chapo\u2019\u201d, detall\u00f3 en su comunicado la corporaci\u00f3n.<\/p>\n\n\n\n<p>El documento se\u00f1ala que Julio C\u00e9sar Ch\u00e1vez Jr. fue deportado a M\u00e9xico el pasado lunes 18 de agosto a trav\u00e9s del puerto de entrada de Nogales, Arizona, tras su arresto el pasado 2 de julio al ser considerado como ilegal.<\/p>\n\n\n\n<p>Cabe recordar que el Departamento de Seguridad Nacional de EEUU (DHS, por sus siglas en ingl\u00e9s), acus\u00f3 a Ch\u00e1vez de ser un presunto miembro del C\u00e1rtel de Sinaloa debido a sus lazos familiares.<\/p>\n\n\n\n<p>Y es que el excampe\u00f3n mundial est\u00e1 casado con Frida Mu\u00f1oz, expareja sentimental de \u00c9dgar Guzm\u00e1n L\u00f3pez, hijo de \u201cEl Chapo\u201d, quien fue asesinado el mayo de 2008 en un ataque armado en Culiac\u00e1n, Sinaloa.<\/p>\n\n\n\n<p>Al respecto, el director de la Oficina de Campo de ERO en Los \u00c1ngeles, Ernesto M. Santacruz Jr., asegur\u00f3 que el boxeador representaba una amenaza para la seguridad p\u00fablica y que no debi\u00f3 permitirse su ingreso a los Estados Unidos.<\/p>\n\n\n\n<p>\u00abCh\u00e1vez es una grave amenaza para la seguridad p\u00fablica, con una orden de arresto vigente en M\u00e9xico por su participaci\u00f3n en el crimen organizado y el tr\u00e1fico de armas de fuego, municiones y explosivos, y nunca se le debi\u00f3 haber permitido entrar a Estados Unidos\u201c, afirm\u00f3.<\/p>\n\n\n\n<p>Aunque la detenci\u00f3n de Ch\u00e1vez Jr. se realiz\u00f3 por solicitar una residencia permanente legal bas\u00e1ndose en el matrimonio que mantiene con Mu\u00f1oz, las autoridades estadounidenses determinaron que hizo \u201cm\u00faltiples declaraciones fraudulentas\u201d y decretaron su estancia ilegal, por lo que fue deportado.<\/p>\n\n\n\n<p>Tras ser entregado a M\u00e9xico y recluido en el Centro Federal de Readaptaci\u00f3n Social (Cefereso) No. 11 de Hermosillo, Sonora, el boxeador interpuso un amparo afirmando que se encuentra incomunicado, el cual fue concedido por la jueza Ana Mar\u00eda Nava Ortega del Juzgado D\u00e9cimoprimero de Distrito en el Estado de Sonora.<\/p>\n\n\n\n<p>(Informaci\u00f3n de Infobae M\u00e9xico)<\/p>\n","protected":false},"excerpt":{"rendered":"<p>Redacci\u00f3n\/Zona Roja Cdmx. Ciudad de M\u00e9xico, a 21 de agosto de 2025.- El Servicio de&hellip;<\/p>\n","protected":false},"author":2,"featured_media":83769,"comment_status":"closed","ping_status":"open","sticky":false,"template":"","format":"standard","meta":{"_lmt_disableupdate":"","_lmt_disable":"","_jetpack_memberships_contains_paid_content":false,"footnotes":""},"categories":[109,47],"tags":[4353],"class_list":["post-83768","post","type-post","status-publish","format-standard","has-post-thumbnail","hentry","category-minuto-a-minuto","category-zona-gris","tag-julio-cesar-chavez-jr"],"jetpack_featured_media_url":"https:\/\/zonaroja.com.mx\/wp-content\/uploads\/2025\/08\/Julio-Cesar-Chavez-Jr.jpg.avif","jetpack_sharing_enabled":true,"_links":{"self":[{"href":"https:\/\/zonaroja.com.mx\/index.php?rest_route=\/wp\/v2\/posts\/83768","targetHints":{"allow":["GET"]}}],"collection":[{"href":"https:\/\/zonaroja.com.mx\/index.php?rest_route=\/wp\/v2\/posts"}],"about":[{"href":"https:\/\/zonaroja.com.mx\/index.php?rest_route=\/wp\/v2\/types\/post"}],"author":[{"embeddable":true,"href":"https:\/\/zonaroja.com.mx\/index.php?rest_route=\/wp\/v2\/users\/2"}],"replies":[{"embeddable":true,"href":"https:\/\/zonaroja.com.mx\/index.php?rest_route=%2Fwp%2Fv2%2Fcomments&post=83768"}],"version-history":[{"count":1,"href":"https:\/\/zonaroja.com.mx\/index.php?rest_route=\/wp\/v2\/posts\/83768\/revisions"}],"predecessor-version":[{"id":83770,"href":"https:\/\/zonaroja.com.mx\/index.php?rest_route=\/wp\/v2\/posts\/83768\/revisions\/83770"}],"wp:featuredmedia":[{"embeddable":true,"href":"https:\/\/zonaroja.com.mx\/index.php?rest_route=\/wp\/v2\/media\/83769"}],"wp:attachment":[{"href":"https:\/\/zonaroja.com.mx\/index.php?rest_route=%2Fwp%2Fv2%2Fmedia&parent=83768"}],"wp:term":[{"taxonomy":"category","embeddable":true,"href":"https:\/\/zonaroja.com.mx\/index.php?rest_route=%2Fwp%2Fv2%2Fcategories&post=83768"},{"taxonomy":"post_tag","embeddable":true,"href":"https:\/\/zonaroja.com.mx\/index.php?rest_route=%2Fwp%2Fv2%2Ftags&post=83768"}],"curies":[{"name":"wp","href":"https:\/\/api.w.org\/{rel}","templated":true}]}}