{"id":83771,"date":"2025-08-21T20:32:16","date_gmt":"2025-08-22T02:32:16","guid":{"rendered":"https:\/\/zonaroja.com.mx\/?p=83771"},"modified":"2025-08-21T20:32:19","modified_gmt":"2025-08-22T02:32:19","slug":"ordenan-al-teeo-resolver-juicio-sobre-desaparicion-del-ayuntamiento-de-san-juan-mazatlan","status":"publish","type":"post","link":"https:\/\/zonaroja.com.mx\/?p=83771","title":{"rendered":"Ordenan al TEEO resolver juicio sobre desaparici\u00f3n del ayuntamiento de San Juan Mazatl\u00e1n\u00a0"},"content":{"rendered":"\n<p>Lisbeth Mej\u00eda Reyes\/Zona Roja.<\/p>\n\n\n\n<p>Oaxaca, Oax., a 21 de agosto de 2025.- Luego de que el pasado 22 de julio el Tribunal Electoral del Estado de Oaxaca (TEEO) se declar\u00f3 incompetente para resolver el juicio de Alfredo Salmor\u00e1n Carrada, elegido como presidente de San Juan Mazatl\u00e1n Mixe para el periodo del 1 de enero al 31 de diciembre de 2025, la Sala Xalapa del Tribunal Electoral del Poder Judicial de la Federaci\u00f3n revoc\u00f3 este 20 de agosto la sentencia y le orden\u00f3 analizar nuevamente el recurso promovido por el ciudadano en contra de la desaparici\u00f3n del ayuntamiento de esa poblaci\u00f3n de la regi\u00f3n Sierra de Ju\u00e1rez (antes Norte).<\/p>\n\n\n\n<p>La Sala Xalapa se\u00f1al\u00f3 que el TEEO se equivoc\u00f3 al decir que no pod\u00eda revisar la demanda del ciudadano (juicio JDCI\/74\/2024). \u00abEl TEEO s\u00ed es competente para conocer la controversia planteada\u00bb, explic\u00f3 la sala regional, que orden\u00f3 al TEEO \u00abemitir una nueva determinaci\u00f3n en la que se declare competente y realice el an\u00e1lisis correspondiente del fondo de la controversia; esto, con perspectiva intercultural y de derechos humanos\u00bb.<\/p>\n\n\n\n<p>Lo anterior, dijo, considerando que anteriormente la Sala Xalapa ya hab\u00eda declarado como v\u00e1lida la elecci\u00f3n de las autoridades municipales de San Juan Mazatl\u00e1n.<\/p>\n\n\n\n<p>El pasado 10 de junio, mediante el decreto 681, el Congreso local aprob\u00f3 la suspensi\u00f3n del ayuntamiento de San Juan Mazatl\u00e1n Mixe bajo el argumento de vac\u00edo de autoridad y de ingobernabilidad que hacen imposible su funcionamiento.<\/p>\n\n\n\n<p>En la resoluci\u00f3n del 22 de julio, el tribunal estatal se\u00f1al\u00f3 que Salmor\u00e1n argumentaba que el decreto 681 emitido por el Congreso del Estado de Oaxaca \u00abvulnera su derecho pol\u00edtico electoral de votar y ser votado, pues al ser electo como presidente municipal de San Juan Mazatl\u00e1n, Mixe, y posteriormente haber recibido la constancia de mayor\u00eda y validez expedida por el Instituto Estatal Electoral y de Participaci\u00f3n Ciudadana de Oaxaca, no resultaba procedente la suspensi\u00f3n del ayuntamiento\u00bb.&nbsp;<\/p>\n\n\n\n<p>\u00abAdem\u00e1s, sostiene que el decreto impugnado carece de una debida fundamentaci\u00f3n y motivaci\u00f3n, al no se\u00f1alar los hechos ni medios de prueba en los que se pretende acreditar el supuesto de vac\u00edo de autoridad y la ingobernabilidad aducida\u00bb.<\/p>\n\n\n\n<p>Sin embargo, el TEEO se declar\u00f3 incompetente para conocer y resolver la impugnaci\u00f3n, al se\u00f1alar que el decreto no afectaba directamente el derecho pol\u00edtico-electoral de Salmor\u00e1n a ser votado y ejercer el cargo sino que era una \u00abdeterminaci\u00f3n parlamentaria de orden interno estatal\u00bb que el congreso tom\u00f3 con base en la Constituci\u00f3n Federal.<\/p>\n\n\n\n<p>Aunado al juicio en contra de la desaparici\u00f3n del ayuntamiento, el 26 de mayo Salmor\u00e1n Carrada tambi\u00e9n hab\u00eda iniciado otra demanda ante el TEEO en contra del director de Gobierno de la de la Subsecretar\u00eda de Fortalecimiento Municipal de la Secretar\u00eda de Gobierno \u00abpor la obstrucci\u00f3n al ejercicio de su cargo, ante la negativa de llevar a cabo su acreditaci\u00f3n\u00bb. Pero la demanda tambi\u00e9n fue desechada por el tribunal estatal, seg\u00fan se lee en el expediente del juicio JDC\/76\/2025.<\/p>\n","protected":false},"excerpt":{"rendered":"<p>Lisbeth Mej\u00eda Reyes\/Zona Roja. Oaxaca, Oax., a 21 de agosto de 2025.- Luego de que&hellip;<\/p>\n","protected":false},"author":2,"featured_media":67970,"comment_status":"closed","ping_status":"open","sticky":false,"template":"","format":"standard","meta":{"_lmt_disableupdate":"","_lmt_disable":"","_jetpack_memberships_contains_paid_content":false,"footnotes":""},"categories":[109,47],"tags":[933],"class_list":["post-83771","post","type-post","status-publish","format-standard","has-post-thumbnail","hentry","category-minuto-a-minuto","category-zona-gris","tag-san-juan-mazatlan-mixe"],"jetpack_featured_media_url":"https:\/\/zonaroja.com.mx\/wp-content\/uploads\/2024\/05\/San-Juan-Mazatlan-Mixe.jpg","jetpack_sharing_enabled":true,"_links":{"self":[{"href":"https:\/\/zonaroja.com.mx\/index.php?rest_route=\/wp\/v2\/posts\/83771","targetHints":{"allow":["GET"]}}],"collection":[{"href":"https:\/\/zonaroja.com.mx\/index.php?rest_route=\/wp\/v2\/posts"}],"about":[{"href":"https:\/\/zonaroja.com.mx\/index.php?rest_route=\/wp\/v2\/types\/post"}],"author":[{"embeddable":true,"href":"https:\/\/zonaroja.com.mx\/index.php?rest_route=\/wp\/v2\/users\/2"}],"replies":[{"embeddable":true,"href":"https:\/\/zonaroja.com.mx\/index.php?rest_route=%2Fwp%2Fv2%2Fcomments&post=83771"}],"version-history":[{"count":1,"href":"https:\/\/zonaroja.com.mx\/index.php?rest_route=\/wp\/v2\/posts\/83771\/revisions"}],"predecessor-version":[{"id":83772,"href":"https:\/\/zonaroja.com.mx\/index.php?rest_route=\/wp\/v2\/posts\/83771\/revisions\/83772"}],"wp:featuredmedia":[{"embeddable":true,"href":"https:\/\/zonaroja.com.mx\/index.php?rest_route=\/wp\/v2\/media\/67970"}],"wp:attachment":[{"href":"https:\/\/zonaroja.com.mx\/index.php?rest_route=%2Fwp%2Fv2%2Fmedia&parent=83771"}],"wp:term":[{"taxonomy":"category","embeddable":true,"href":"https:\/\/zonaroja.com.mx\/index.php?rest_route=%2Fwp%2Fv2%2Fcategories&post=83771"},{"taxonomy":"post_tag","embeddable":true,"href":"https:\/\/zonaroja.com.mx\/index.php?rest_route=%2Fwp%2Fv2%2Ftags&post=83771"}],"curies":[{"name":"wp","href":"https:\/\/api.w.org\/{rel}","templated":true}]}}