{"id":83785,"date":"2025-08-22T08:00:00","date_gmt":"2025-08-22T14:00:00","guid":{"rendered":"https:\/\/zonaroja.com.mx\/?p=83785"},"modified":"2025-08-22T07:22:35","modified_gmt":"2025-08-22T13:22:35","slug":"sin-cesar-los-crimenes-en-juchitan-de-zaragoza","status":"publish","type":"post","link":"https:\/\/zonaroja.com.mx\/?p=83785","title":{"rendered":"Sin cesar, los cr\u00edmenes en Juchit\u00e1n de Zaragoza"},"content":{"rendered":"\n<p>Raymundo Morales\/Zona Roja.<\/p>\n\n\n\n<p>Oaxaca, Oax., a 22 de agosto de 2025.- Luego de una semana de tregua, la ola criminal se reactiv\u00f3 en Juchit\u00e1n de Zaragoza.<\/p>\n\n\n\n<p>Anoche, en un domicilio ubicado en la avenida Ferrocarril de la S\u00e9ptima Secci\u00f3n, asesinaron a un adolescente, identificado de manera preliminar como Henry \u201cN\u201d.<\/p>\n\n\n\n<p>Sujetos armados arribaron al domicilio y acribillaron de manera directa a la v\u00edctima, tras lo cual huyeron, sin que hubiera presencia policiaca oportuna para perseguir a los delincuentes.<\/p>\n\n\n\n<p>Hasta el momento no se tienen identificadas las causas por las cuales privaron de la vida al adolescente y el caso ya es investigado por la Vicefiscal\u00eda Regional del Istmo, de la Fiscal\u00eda General del Estado de Oaxaca.<\/p>\n\n\n\n<p>Fue apenas el viernes 15 de agosto en que asesinaron al ex agente municipal de La Ventosa, Juchit\u00e1n, mientras que el mi\u00e9rcoles 13 ultimaron a una mujer; el 9 de agosto ocurri\u00f3 otro crimen en ese municipio istme\u00f1o; uno m\u00e1s el jueves siete y dos m\u00e1s el martes 6 de agosto.<\/p>\n\n\n\n<p>Lo anterior a pesar de que, hasta el momento, as fuerzas de seguridad p\u00fablica y estatal est\u00e1n a cargo de la vigilancia en dicho municipio, que encabeza el morenista Miguel S\u00e1nchez Altamirano, quien hasta la fecha no ha hecho emprendido ninguna acci\u00f3n para frenar la ola delictiva.<\/p>\n","protected":false},"excerpt":{"rendered":"<p>Raymundo Morales\/Zona Roja. Oaxaca, Oax., a 22 de agosto de 2025.- Luego de una semana&hellip;<\/p>\n","protected":false},"author":2,"featured_media":73641,"comment_status":"closed","ping_status":"open","sticky":false,"template":"","format":"standard","meta":{"_lmt_disableupdate":"","_lmt_disable":"","_jetpack_memberships_contains_paid_content":false,"footnotes":""},"categories":[109,51],"tags":[297],"class_list":["post-83785","post","type-post","status-publish","format-standard","has-post-thumbnail","hentry","category-minuto-a-minuto","category-zona-roja","tag-ejecutado-juchitan"],"jetpack_featured_media_url":"https:\/\/zonaroja.com.mx\/wp-content\/uploads\/2024\/10\/Escena-balazos-balas-policiaca.jpg","jetpack_sharing_enabled":true,"_links":{"self":[{"href":"https:\/\/zonaroja.com.mx\/index.php?rest_route=\/wp\/v2\/posts\/83785","targetHints":{"allow":["GET"]}}],"collection":[{"href":"https:\/\/zonaroja.com.mx\/index.php?rest_route=\/wp\/v2\/posts"}],"about":[{"href":"https:\/\/zonaroja.com.mx\/index.php?rest_route=\/wp\/v2\/types\/post"}],"author":[{"embeddable":true,"href":"https:\/\/zonaroja.com.mx\/index.php?rest_route=\/wp\/v2\/users\/2"}],"replies":[{"embeddable":true,"href":"https:\/\/zonaroja.com.mx\/index.php?rest_route=%2Fwp%2Fv2%2Fcomments&post=83785"}],"version-history":[{"count":1,"href":"https:\/\/zonaroja.com.mx\/index.php?rest_route=\/wp\/v2\/posts\/83785\/revisions"}],"predecessor-version":[{"id":83786,"href":"https:\/\/zonaroja.com.mx\/index.php?rest_route=\/wp\/v2\/posts\/83785\/revisions\/83786"}],"wp:featuredmedia":[{"embeddable":true,"href":"https:\/\/zonaroja.com.mx\/index.php?rest_route=\/wp\/v2\/media\/73641"}],"wp:attachment":[{"href":"https:\/\/zonaroja.com.mx\/index.php?rest_route=%2Fwp%2Fv2%2Fmedia&parent=83785"}],"wp:term":[{"taxonomy":"category","embeddable":true,"href":"https:\/\/zonaroja.com.mx\/index.php?rest_route=%2Fwp%2Fv2%2Fcategories&post=83785"},{"taxonomy":"post_tag","embeddable":true,"href":"https:\/\/zonaroja.com.mx\/index.php?rest_route=%2Fwp%2Fv2%2Ftags&post=83785"}],"curies":[{"name":"wp","href":"https:\/\/api.w.org\/{rel}","templated":true}]}}