{"id":83787,"date":"2025-08-22T08:30:00","date_gmt":"2025-08-22T14:30:00","guid":{"rendered":"https:\/\/zonaroja.com.mx\/?p=83787"},"modified":"2025-08-22T07:30:19","modified_gmt":"2025-08-22T13:30:19","slug":"atentados-en-colombia-dejan-al-menos-17-muertos-y-mas-de-40-heridos","status":"publish","type":"post","link":"https:\/\/zonaroja.com.mx\/?p=83787","title":{"rendered":"Atentados en Colombia dejan al menos 17 muertos y m\u00e1s de 40 heridos"},"content":{"rendered":"\n<p>Redacci\u00f3n\/Zona Roja Cdmx.<\/p>\n\n\n\n<p>Ciudad de M\u00e9xico, a 22 de agosto de 2025.- Dos ataques perpetrados de manera paralela este jueves en Colombia dejaron al menos 17 muertos, incluidos polic\u00edas, y decenas de heridos, seg\u00fan las autoridades, que los atribuyeron a las disidencias de la extinta guerrilla Fuerzas Armadas Revolucionarias de Colombia (FARC).<\/p>\n\n\n\n<p>El primer ataque fue realizado en Antioquia, en el noroeste de Colombia, donde fallecieron 12 polic\u00edas y al menos tres m\u00e1s resultaron heridos como consecuencia del ataque a un helic\u00f3ptero de la polic\u00eda colombiana que fue derribado, seg\u00fan indic\u00f3 a la prensa el gobernador local, Andr\u00e9s Juli\u00e1n Rend\u00f3n.<\/p>\n\n\n\n<p>Por su parte, el presidente colombiano, Gustavo Petro, inform\u00f3 que el aparato ten\u00eda como misi\u00f3n llevar personal para la erradicaci\u00f3n de cultivos de hoja de coca en zona rural de Amalfi, en el municipio de Antioquia.&nbsp;<\/p>\n\n\n\n<p>El mandatario se\u00f1al\u00f3 a trav\u00e9s de la red social X a las disidencias de las FARC como los presuntos responsables, aunque previamente hab\u00eda se\u00f1alado al Clan del Golfo, el mayor c\u00e1rtel de drogas activo en el pa\u00eds, asegurando que el helic\u00f3ptero fue atacado como una retaliaci\u00f3n a la incautaci\u00f3n de coca\u00edna en que pertenecer\u00eda al grupo.<\/p>\n\n\n\n<p>Tanto las disidencias de las FARC -que no alcanzaron un acuerdo de paz con el gobierno en 2016- como el Clan del Golfo tienen presencia en Antioquia.<\/p>\n\n\n\n<p>Posteriormente, Petro pidi\u00f3 \u201cal mundo\u201d que considere como una organizaci\u00f3n terrorista a la \u201cjunta del narcotr\u00e1fico\u201d, una organizaci\u00f3n de la que no hay detalles p\u00fablicos y que se\u00f1al\u00f3 de dirigir varias facciones de las disidencias FARC y el Clan del Golfo.<\/p>\n\n\n\n<p>El gobernador de Antioquia dijo en la misma red social que el helic\u00f3ptero fue atacado en medio de sembrad\u00edos de hoja de coca con un dron, sin brindar m\u00e1s detalles, mientras que el ministro de Defensa, Pedro S\u00e1nchez, asegur\u00f3 que la informaci\u00f3n preliminar apunta a que el ataque produjo un incendio en el helic\u00f3ptero, sin indicar que fue derribado.<\/p>\n\n\n\n<p>En paralelo, la Fuerza Aeroespacial Colombiana report\u00f3 la detonaci\u00f3n de un veh\u00edculo cargado con explosivos en inmediaciones de la base a\u00e9rea Marco Fidel Su\u00e1rez, una escuela militar de aviaci\u00f3n de la ciudad de Cali, en el suroeste del pa\u00eds.<\/p>\n\n\n\n<p>Petro se\u00f1al\u00f3 a las disidencias de la \u201ccolumna Carlos Pati\u00f1o\u201d de estar detr\u00e1s de la explosi\u00f3n en Cali, como una reacci\u00f3n a los operativos militares que se han sostenido por meses en la zona del Ca\u00f1\u00f3n del Micay, repleta de sembrad\u00edos de hoja de coca.&nbsp;<\/p>\n\n\n\n<p>El mandatario indic\u00f3 que un hombre con el alias de \u201cSebasti\u00e1n\u201d fue capturado por la comunidad en el lugar de la explosi\u00f3n y lo se\u00f1al\u00f3 de pertenecer a la disidencia.<\/p>\n\n\n\n<p>Ante los ataques, el ministro de Defensa ofreci\u00f3 hasta 50.000 d\u00f3lares de recompensa por informaci\u00f3n que permita a las autoridades anticiparse \u201ca cualquier atentado terrorista en el pa\u00eds\u201d y dijo que no descartan tomar \u201cmedidas excepcionales\u201d ante la posibilidad de m\u00e1s ataques.<\/p>\n\n\n\n<p>La Oficina del Alto Comisionado para Derechos Humanos de la ONU en Colombia conden\u00f3 ambos ataques y urgi\u00f3 a los grupos armados no estatales a respetar el Derecho Internacional Humanitario y los derechos humanos.<\/p>\n\n\n\n<p>El gobierno de Petro, primer izquierdista en gobernar Colombia, adelanta acercamientos de paz con el Clan del Golfo y en el marco de su pol\u00edtica de \u201cpaz total\u201d, buscando su sometimiento a la justicia, con ayuda de la fiscal\u00eda, a cambio de beneficios jur\u00eddicos. Tambi\u00e9n ha intentado di\u00e1logos infructuosos con facciones disidentes de las FARC.<\/p>\n\n\n\n<p>(Con informaci\u00f3n de AP, en el diario \u201cLa Naci\u00f3n\u201d)<\/p>\n","protected":false},"excerpt":{"rendered":"<p>Redacci\u00f3n\/Zona Roja Cdmx. Ciudad de M\u00e9xico, a 22 de agosto de 2025.- Dos ataques perpetrados&hellip;<\/p>\n","protected":false},"author":2,"featured_media":83788,"comment_status":"closed","ping_status":"open","sticky":false,"template":"","format":"standard","meta":{"_lmt_disableupdate":"","_lmt_disable":"","_jetpack_memberships_contains_paid_content":false,"footnotes":""},"categories":[109,47],"tags":[4417],"class_list":["post-83787","post","type-post","status-publish","format-standard","has-post-thumbnail","hentry","category-minuto-a-minuto","category-zona-gris","tag-atentados-colombia"],"jetpack_featured_media_url":"https:\/\/zonaroja.com.mx\/wp-content\/uploads\/2025\/08\/Atentados-Colombia.jpg","jetpack_sharing_enabled":true,"_links":{"self":[{"href":"https:\/\/zonaroja.com.mx\/index.php?rest_route=\/wp\/v2\/posts\/83787","targetHints":{"allow":["GET"]}}],"collection":[{"href":"https:\/\/zonaroja.com.mx\/index.php?rest_route=\/wp\/v2\/posts"}],"about":[{"href":"https:\/\/zonaroja.com.mx\/index.php?rest_route=\/wp\/v2\/types\/post"}],"author":[{"embeddable":true,"href":"https:\/\/zonaroja.com.mx\/index.php?rest_route=\/wp\/v2\/users\/2"}],"replies":[{"embeddable":true,"href":"https:\/\/zonaroja.com.mx\/index.php?rest_route=%2Fwp%2Fv2%2Fcomments&post=83787"}],"version-history":[{"count":1,"href":"https:\/\/zonaroja.com.mx\/index.php?rest_route=\/wp\/v2\/posts\/83787\/revisions"}],"predecessor-version":[{"id":83789,"href":"https:\/\/zonaroja.com.mx\/index.php?rest_route=\/wp\/v2\/posts\/83787\/revisions\/83789"}],"wp:featuredmedia":[{"embeddable":true,"href":"https:\/\/zonaroja.com.mx\/index.php?rest_route=\/wp\/v2\/media\/83788"}],"wp:attachment":[{"href":"https:\/\/zonaroja.com.mx\/index.php?rest_route=%2Fwp%2Fv2%2Fmedia&parent=83787"}],"wp:term":[{"taxonomy":"category","embeddable":true,"href":"https:\/\/zonaroja.com.mx\/index.php?rest_route=%2Fwp%2Fv2%2Fcategories&post=83787"},{"taxonomy":"post_tag","embeddable":true,"href":"https:\/\/zonaroja.com.mx\/index.php?rest_route=%2Fwp%2Fv2%2Ftags&post=83787"}],"curies":[{"name":"wp","href":"https:\/\/api.w.org\/{rel}","templated":true}]}}