{"id":83807,"date":"2025-08-22T18:09:54","date_gmt":"2025-08-23T00:09:54","guid":{"rendered":"https:\/\/zonaroja.com.mx\/?p=83807"},"modified":"2025-08-22T18:09:56","modified_gmt":"2025-08-23T00:09:56","slug":"en-menos-de-24-horas-otro-ejecutado-a-balazos-en-juchitan","status":"publish","type":"post","link":"https:\/\/zonaroja.com.mx\/?p=83807","title":{"rendered":"En menos de 24 horas, otro ejecutado a balazos en Juchit\u00e1n"},"content":{"rendered":"\n<p>Raymundo Morales\/Zona Roja. Foto: ADN Sureste.<\/p>\n\n\n\n<p>Oaxaca, Oax., a 22 de agosto de 2025.- Otra persona del sexo masculino fue ejecutada a balazos en Juchit\u00e1n de Zaragoza, a menos de 24 horas del crimen de un adolescente.<\/p>\n\n\n\n<p>El hecho reciente ocurri\u00f3 poco despu\u00e9s del mediod\u00eda en la calle Ignacio L\u00f3pez Ray\u00f3n de la Octava Secci\u00f3n, donde fue acribillado el individuo identificado de manera preliminar como Jos\u00e9 P. R.<\/p>\n\n\n\n<p>El hombre conduc\u00eda su unidad de motor tipo mototaxi, cuando fue acribillado por sujetos desconocidos, que de inmediato se dieron a la fuga con rumbo desconocido.<\/p>\n\n\n\n<p>Param\u00e9dicos arribaron al lugar pero la v\u00edctima ya no contaba con signos vitales; personal de la Vicefiscal\u00eda Regional de la Costa, dependiente de la Fiscal\u00eda General del Estado de Oaxaca, inici\u00f3 las indagatorias correspondientes.<\/p>\n\n\n\n<p>Apenas anoche asesinaron a balazos a un adolescente, en la calle Ferrocarril de la S\u00e9ptima Secci\u00f3n y la v\u00edctima fue identificada como Henry \u201cN\u201d. De ambos casos, hasta ahora no hay personas detenidas como probables responsables de los cr\u00edmenes.<\/p>\n","protected":false},"excerpt":{"rendered":"<p>Raymundo Morales\/Zona Roja. Foto: ADN Sureste. Oaxaca, Oax., a 22 de agosto de 2025.- Otra&hellip;<\/p>\n","protected":false},"author":2,"featured_media":83808,"comment_status":"closed","ping_status":"open","sticky":false,"template":"","format":"standard","meta":{"_lmt_disableupdate":"","_lmt_disable":"","_jetpack_memberships_contains_paid_content":false,"footnotes":""},"categories":[109,51],"tags":[297],"class_list":["post-83807","post","type-post","status-publish","format-standard","has-post-thumbnail","hentry","category-minuto-a-minuto","category-zona-roja","tag-ejecutado-juchitan"],"jetpack_featured_media_url":"https:\/\/zonaroja.com.mx\/wp-content\/uploads\/2025\/08\/Ejecutado-Juchitan.jpeg","jetpack_sharing_enabled":true,"_links":{"self":[{"href":"https:\/\/zonaroja.com.mx\/index.php?rest_route=\/wp\/v2\/posts\/83807","targetHints":{"allow":["GET"]}}],"collection":[{"href":"https:\/\/zonaroja.com.mx\/index.php?rest_route=\/wp\/v2\/posts"}],"about":[{"href":"https:\/\/zonaroja.com.mx\/index.php?rest_route=\/wp\/v2\/types\/post"}],"author":[{"embeddable":true,"href":"https:\/\/zonaroja.com.mx\/index.php?rest_route=\/wp\/v2\/users\/2"}],"replies":[{"embeddable":true,"href":"https:\/\/zonaroja.com.mx\/index.php?rest_route=%2Fwp%2Fv2%2Fcomments&post=83807"}],"version-history":[{"count":1,"href":"https:\/\/zonaroja.com.mx\/index.php?rest_route=\/wp\/v2\/posts\/83807\/revisions"}],"predecessor-version":[{"id":83809,"href":"https:\/\/zonaroja.com.mx\/index.php?rest_route=\/wp\/v2\/posts\/83807\/revisions\/83809"}],"wp:featuredmedia":[{"embeddable":true,"href":"https:\/\/zonaroja.com.mx\/index.php?rest_route=\/wp\/v2\/media\/83808"}],"wp:attachment":[{"href":"https:\/\/zonaroja.com.mx\/index.php?rest_route=%2Fwp%2Fv2%2Fmedia&parent=83807"}],"wp:term":[{"taxonomy":"category","embeddable":true,"href":"https:\/\/zonaroja.com.mx\/index.php?rest_route=%2Fwp%2Fv2%2Fcategories&post=83807"},{"taxonomy":"post_tag","embeddable":true,"href":"https:\/\/zonaroja.com.mx\/index.php?rest_route=%2Fwp%2Fv2%2Ftags&post=83807"}],"curies":[{"name":"wp","href":"https:\/\/api.w.org\/{rel}","templated":true}]}}