{"id":83810,"date":"2025-08-22T18:19:55","date_gmt":"2025-08-23T00:19:55","guid":{"rendered":"https:\/\/zonaroja.com.mx\/?p=83810"},"modified":"2025-08-22T18:19:58","modified_gmt":"2025-08-23T00:19:58","slug":"impulsan-promocion-turistica-y-proyectos-comunitarios-en-la-ruta-de-la-chinantla","status":"publish","type":"post","link":"https:\/\/zonaroja.com.mx\/?p=83810","title":{"rendered":"Impulsan promoci\u00f3n tur\u00edstica y proyectos comunitarios en la Ruta de la Chinantla"},"content":{"rendered":"\n<p>Redacci\u00f3n\/Zona Roja.<\/p>\n\n\n\n<p>Oaxaca, Oax., a 22 de agosto de 2025.- La titular de la Secretar\u00eda de Turismo del Estado (Sectur Oaxaca), Saymi Pineda Velasco, encabez\u00f3 una jornada de trabajo por diferentes puntos de la Ruta de la Chinantla, para impulsar junto a representantes de este sector y autoridades municipales, la promoci\u00f3n y desarrollo de los proyectos tur\u00edsticos en las comunidades.<\/p>\n\n\n\n<p>En San Mateo Yetla de San Juan Bautista Valle Nacional; y Zuzul en Santa Mar\u00eda Jacatepec, reafirm\u00f3 el compromiso que encabeza el gobernador Salom\u00f3n Jara Cruz, de hacer del turismo un motor de desarrollo econ\u00f3mico.<\/p>\n\n\n\n<p>En San Juan Bautista Tuxtepec sostuvo una reuni\u00f3n con prestadores de servicios tur\u00edsticos y autoridades municipales, para dar a conocer los diferentes proyectos en los que ya se trabajan para impulsar a la Ruta de la Chinantla, como la Guelaguetza Regional que se har\u00e1 en el mes de diciembre.&nbsp;<\/p>\n\n\n\n<p>Dijo que esta jornada de trabajo se llev\u00f3 a cabo con miras a la conformaci\u00f3n del Comit\u00e9 de la Ruta Tur\u00edstica de la Chinantla y destac\u00f3 la realizaci\u00f3n de proyectos relacionados con el aviturismo en San Mateo Yetla; promover la Ruta Sotaventina, un proyecto cultural de la Cuenca del Papaloapan para preservar y difundir las tradiciones, adem\u00e1s de actividades culturales en Zuzul.<\/p>\n\n\n\n<p>Entre otras acciones, la integraci\u00f3n de las distintas comunidades al programa de monitoreo a trav\u00e9s del Observatorio Tur\u00edstico, cuyo objetivo es dar seguimiento a los municipios con vocaci\u00f3n tur\u00edstica y conocer de manera precisa el comportamiento de esta actividad y sus principales indicadores.&nbsp;<\/p>\n\n\n\n<p>Se contempla tambi\u00e9n gestionar el mejoramiento de la se\u00f1al\u00e9tica urbana en la regi\u00f3n, capacitaci\u00f3n tur\u00edstica a hoteleros en Tuxtepec, e impulsar la implementaci\u00f3n del C\u00f3digo de Conducta Nacional (CCN) para la protecci\u00f3n de ni\u00f1as, ni\u00f1os y adolescentes.<\/p>\n\n\n\n<p>Durante la reuni\u00f3n, se cont\u00f3 con la participaci\u00f3n de autoridades de San Juan Bautista Tuxtepec, San Juan Bautista Valle Nacional y Santa Mar\u00eda Jacatepec; representantes de la Asociaci\u00f3n de Hoteles y Moteles de la Cuenca del Papaloapan, y de mujeres artesanas de San Lucas Ojitl\u00e1n.<\/p>\n","protected":false},"excerpt":{"rendered":"<p>Redacci\u00f3n\/Zona Roja. Oaxaca, Oax., a 22 de agosto de 2025.- La titular de la Secretar\u00eda&hellip;<\/p>\n","protected":false},"author":2,"featured_media":83782,"comment_status":"closed","ping_status":"open","sticky":false,"template":"","format":"standard","meta":{"_lmt_disableupdate":"","_lmt_disable":"","_jetpack_memberships_contains_paid_content":false,"footnotes":""},"categories":[109,46],"tags":[2714,1031],"class_list":["post-83810","post","type-post","status-publish","format-standard","has-post-thumbnail","hentry","category-minuto-a-minuto","category-zona-blanca","tag-saymi-pineda-velasco","tag-secretaria-de-turismo-oaxaca"],"jetpack_featured_media_url":"https:\/\/zonaroja.com.mx\/wp-content\/uploads\/2025\/08\/Ecoturismo-chinantla-Oaxaca-Turismo.jpeg","jetpack_sharing_enabled":true,"_links":{"self":[{"href":"https:\/\/zonaroja.com.mx\/index.php?rest_route=\/wp\/v2\/posts\/83810","targetHints":{"allow":["GET"]}}],"collection":[{"href":"https:\/\/zonaroja.com.mx\/index.php?rest_route=\/wp\/v2\/posts"}],"about":[{"href":"https:\/\/zonaroja.com.mx\/index.php?rest_route=\/wp\/v2\/types\/post"}],"author":[{"embeddable":true,"href":"https:\/\/zonaroja.com.mx\/index.php?rest_route=\/wp\/v2\/users\/2"}],"replies":[{"embeddable":true,"href":"https:\/\/zonaroja.com.mx\/index.php?rest_route=%2Fwp%2Fv2%2Fcomments&post=83810"}],"version-history":[{"count":1,"href":"https:\/\/zonaroja.com.mx\/index.php?rest_route=\/wp\/v2\/posts\/83810\/revisions"}],"predecessor-version":[{"id":83811,"href":"https:\/\/zonaroja.com.mx\/index.php?rest_route=\/wp\/v2\/posts\/83810\/revisions\/83811"}],"wp:featuredmedia":[{"embeddable":true,"href":"https:\/\/zonaroja.com.mx\/index.php?rest_route=\/wp\/v2\/media\/83782"}],"wp:attachment":[{"href":"https:\/\/zonaroja.com.mx\/index.php?rest_route=%2Fwp%2Fv2%2Fmedia&parent=83810"}],"wp:term":[{"taxonomy":"category","embeddable":true,"href":"https:\/\/zonaroja.com.mx\/index.php?rest_route=%2Fwp%2Fv2%2Fcategories&post=83810"},{"taxonomy":"post_tag","embeddable":true,"href":"https:\/\/zonaroja.com.mx\/index.php?rest_route=%2Fwp%2Fv2%2Ftags&post=83810"}],"curies":[{"name":"wp","href":"https:\/\/api.w.org\/{rel}","templated":true}]}}