{"id":83812,"date":"2025-08-22T20:37:56","date_gmt":"2025-08-23T02:37:56","guid":{"rendered":"https:\/\/zonaroja.com.mx\/?p=83812"},"modified":"2025-08-22T20:37:59","modified_gmt":"2025-08-23T02:37:59","slug":"inicia-segundo-encuentro-de-la-comunidad-cinematografica-oaxaquena","status":"publish","type":"post","link":"https:\/\/zonaroja.com.mx\/?p=83812","title":{"rendered":"Inicia Segundo Encuentro de la Comunidad Cinematogr\u00e1fica Oaxaque\u00f1a"},"content":{"rendered":"\n<p>Redacci\u00f3n\/Zona Roja.<\/p>\n\n\n\n<p>Oaxaca, Oax., a 22 de agosto de 2025.- Del 22 al 24 de agosto, se lleva a cabo el Segundo Encuentro de la Comunidad Cinematogr\u00e1fica Oaxaque\u00f1a, con el fin de fortalecer los lazos de colaboraci\u00f3n entre quienes integran el quehacer audiovisual en el estado.<\/p>\n\n\n\n<p>La Secretar\u00eda de las Culturas y Artes de Oaxaca (Seculta) y la Comunidad Cinematogr\u00e1fica Oaxaque\u00f1a anunciaron esta jornada que busca consolidar un espacio de di\u00e1logo, organizaci\u00f3n y reflexi\u00f3n colectiva frente a los retos estructurales, econ\u00f3micos y culturales que enfrenta el cine en Oaxaca.<\/p>\n\n\n\n<p>Durante tres d\u00edas se realizar\u00e1n talleres especializados, proyecciones abiertas al p\u00fablico y espacios de di\u00e1logo entre profesionales de este arte, en el que se reafirma el compromiso del sector con el desarrollo cultural y comunitario de la entidad. Por primera vez, se incluyen funciones gratuitas en distintas sedes, facilitadas gracias al respaldo de la Seculta.<\/p>\n\n\n\n<p>La inauguraci\u00f3n fue este viernes 22 de agosto a las 19:00 horas en San Juan Guelavia, con una proyecci\u00f3n al aire libre en la explanada municipal.<\/p>\n\n\n\n<p>Durante este encuentro se presentar\u00e1n talleres especializados, impartidos por cineastas como Mariana Musalem, Mariana Castro, Alberto Duarte, Naomi Jarqu\u00edn y Denise Lara, dirigidos a diversos p\u00fablicos, incluidas las infancias.<\/p>\n\n\n\n<p>Tambi\u00e9n, las proyecciones gratuitas en el parque \u201cPrimavera Oaxaque\u00f1a Cho Ndob\u00e1\u201d, del 23 y 24 de agosto, dentro del ciclo VeraNi\u00f1ez 2025, que incluir\u00e1n trabajos ganadores del concurso \u201cSe buscan cortometrajes\u201d, convocado en colaboraci\u00f3n con Seculta.<\/p>\n\n\n\n<p>Se realizar\u00e1 la exhibici\u00f3n especial del largometraje Ciudad de Armas Blancas, con la presencia de su directora Mariana Musalem, en el z\u00f3calo de la capital oaxaque\u00f1a el 23 de agosto a las 19:00 horas.<\/p>\n\n\n\n<p>Por \u00faltimo, la clausura se efectuar\u00e1 en el teatro Ju\u00e1rez, el 24 de agosto a las 17:00 horas, con una funci\u00f3n de Cine Expandido a cargo de Alex S\u00e9rbulo y Leonardo de Cecilia, seguida de la proyecci\u00f3n de Lachatao de Natalia Bruchstein, quien estar\u00e1 presente para dialogar con el p\u00fablico.<\/p>\n\n\n\n<p>El evento cuenta con el respaldo de espacios culturales como el Instituto de Artes Gr\u00e1ficas de Oaxaca (IAGO), el Museo de Arte Contempor\u00e1neo y de las Culturas Oaxaque\u00f1as (MACCO), Biblioteca P\u00fablica Central, Parque Primavera Oaxaque\u00f1a Cho Ndob\u00e1, as\u00ed como de colectivos y productoras independientes como Chante Audiovisual, Cine Mixteca, Ojo de Agua Comunicaci\u00f3n, Moronga Films y La Iguana N\u00f3mada, entre otros.<\/p>\n\n\n\n<p>La Comunidad Cinematogr\u00e1fica Oaxaque\u00f1a reitera su compromiso por integrar m\u00e1s voces y participantes de todas las regiones del estado, con el fin de seguir construyendo un cine arraigado en lo local, incluyente, sostenible y representativo de las diversas realidades del estado.<\/p>\n\n\n\n<p>Este encuentro cuenta con el respaldo institucional de la Seculta, que se suma a esta celebraci\u00f3n del cine como herramienta de memoria, expresi\u00f3n y transformaci\u00f3n para fortalecer el sector audiovisual en Oaxaca.<\/p>\n","protected":false},"excerpt":{"rendered":"<p>Redacci\u00f3n\/Zona Roja. Oaxaca, Oax., a 22 de agosto de 2025.- Del 22 al 24 de&hellip;<\/p>\n","protected":false},"author":2,"featured_media":83779,"comment_status":"closed","ping_status":"open","sticky":false,"template":"","format":"standard","meta":{"_lmt_disableupdate":"","_lmt_disable":"","_jetpack_memberships_contains_paid_content":false,"footnotes":""},"categories":[109,46],"tags":[3368],"class_list":["post-83812","post","type-post","status-publish","format-standard","has-post-thumbnail","hentry","category-minuto-a-minuto","category-zona-blanca","tag-secretaria-de-las-culturas-seculta"],"jetpack_featured_media_url":"https:\/\/zonaroja.com.mx\/wp-content\/uploads\/2025\/08\/Encuentro-de-la-comunidad-cinematografica.jpeg","jetpack_sharing_enabled":true,"_links":{"self":[{"href":"https:\/\/zonaroja.com.mx\/index.php?rest_route=\/wp\/v2\/posts\/83812","targetHints":{"allow":["GET"]}}],"collection":[{"href":"https:\/\/zonaroja.com.mx\/index.php?rest_route=\/wp\/v2\/posts"}],"about":[{"href":"https:\/\/zonaroja.com.mx\/index.php?rest_route=\/wp\/v2\/types\/post"}],"author":[{"embeddable":true,"href":"https:\/\/zonaroja.com.mx\/index.php?rest_route=\/wp\/v2\/users\/2"}],"replies":[{"embeddable":true,"href":"https:\/\/zonaroja.com.mx\/index.php?rest_route=%2Fwp%2Fv2%2Fcomments&post=83812"}],"version-history":[{"count":1,"href":"https:\/\/zonaroja.com.mx\/index.php?rest_route=\/wp\/v2\/posts\/83812\/revisions"}],"predecessor-version":[{"id":83813,"href":"https:\/\/zonaroja.com.mx\/index.php?rest_route=\/wp\/v2\/posts\/83812\/revisions\/83813"}],"wp:featuredmedia":[{"embeddable":true,"href":"https:\/\/zonaroja.com.mx\/index.php?rest_route=\/wp\/v2\/media\/83779"}],"wp:attachment":[{"href":"https:\/\/zonaroja.com.mx\/index.php?rest_route=%2Fwp%2Fv2%2Fmedia&parent=83812"}],"wp:term":[{"taxonomy":"category","embeddable":true,"href":"https:\/\/zonaroja.com.mx\/index.php?rest_route=%2Fwp%2Fv2%2Fcategories&post=83812"},{"taxonomy":"post_tag","embeddable":true,"href":"https:\/\/zonaroja.com.mx\/index.php?rest_route=%2Fwp%2Fv2%2Ftags&post=83812"}],"curies":[{"name":"wp","href":"https:\/\/api.w.org\/{rel}","templated":true}]}}