{"id":83814,"date":"2025-08-22T21:30:43","date_gmt":"2025-08-23T03:30:43","guid":{"rendered":"https:\/\/zonaroja.com.mx\/?p=83814"},"modified":"2025-08-22T21:30:46","modified_gmt":"2025-08-23T03:30:46","slug":"aumentan-casos-de-vih-embarazadas-bebes-e-infantes-entre-los-afectados","status":"publish","type":"post","link":"https:\/\/zonaroja.com.mx\/?p=83814","title":{"rendered":"Aumentan casos de VIH; embarazadas, beb\u00e9s e infantes, entre los afectados\u00a0"},"content":{"rendered":"\n<p>Lisbeth Mej\u00eda Reyes\/Zona Roja.<\/p>\n\n\n\n<p>Oaxaca, Oax., a 22 de agosto de 2025.- El Virus de Inmunodeficiencia Humana (VIH) es una epidemia que est\u00e1 afectando a las mujeres embarazadas, sus beb\u00e9s e hijos menores de cinco a\u00f1os de edad en el estado de Oaxaca, debido principalmente a que las primeras son contagiadas por sus parejas, incluso en relaciones estables.<\/p>\n\n\n\n<p>\u00abA finales del 2024 y principios del 2025 ingresamos 50 embarazadas que desconoc\u00edan totalmente su estado serol\u00f3gico y que desafortunadamente fueron captadas en un tercer trimestre de embarazo o durante el trabajo de parto. Esto a Coesida lo pone a correr porque tiene que administrar un tratamiento profil\u00e1ctico emergente para el beb\u00e9 para evitar esa transmisi\u00f3n del VIH\u00bb, coment\u00f3 Itayetzin Medina Hern\u00e1ndez, directora del Consejo Estatal para la Prevenci\u00f3n y Control del Sida y del Consejo Estatal para la Prevenci\u00f3n y Control del Sida (Capasits)<\/p>\n\n\n\n<p>Este viernes, durante la presentaci\u00f3n de la campa\u00f1a de \u00abSin funda no hay rumba\u00bb, la funcionaria detall\u00f3 que en lo que va del 2025 tambi\u00e9n se han detectado a menores de cinco a\u00f1os con VIH por transmisi\u00f3n vertical (es decir, de madre a hijo durante el embarazo, el parto o el periodo inmediato posterior al nacimiento).<\/p>\n\n\n\n<p>\u00abSolamente en esta semana ingresamos tres embarazadas, de las cuales una de ellas tristemente no conoc\u00eda su estado serol\u00f3gico y no ten\u00eda tratamiento. Hoy se encuentra una peque\u00f1a de tres a\u00f1os de edad con diagnosticaron de VIH debati\u00e9ndose la vida y estamos esperando que salga avante para iniciar el tratamiento serol\u00f3gico\u00bb, explic\u00f3 sobre algunas de los casos de esta epidemia nacional y que sigue en aumento en el estado de Oaxaca.<\/p>\n\n\n\n<p>De acuerdo con datos del Centro Nacional para la Prevenci\u00f3n y Control del VIH y el sida (Censida), los casos de VIH han aumentado en el estado de Oaxaca en los \u00faltimos a\u00f1os. En el 2024 se detectaron 642 nuevas personas con el virus, 34 m\u00e1s que en el 2023 y m\u00e1s de 100 si se compara con el a\u00f1o 2022, cuando fueron 537.&nbsp;<\/p>\n\n\n\n<p>En el primer semestre de 2025 son m\u00e1s de 400 casos nuevos y en edades que van principalmente de los 14 a 35 a\u00f1os de edad, explic\u00f3 Medina Hern\u00e1ndez en conferencia de prensa en el Instituto de Artes Gr\u00e1ficas de Oaxaca (IAGO).<\/p>\n\n\n\n<p>Junto a la presidenta de la asociaci\u00f3n civil Francisco Toledo, Sara L\u00f3pez Ellitsgaard, Medina se\u00f1al\u00f3 que actualmente hay m\u00e1s de 13 mil 337 personas viviendo con VIH en el estado de Oaxaca, pero se siguen detectando casos. Y de ah\u00ed la necesidad de mantener las campa\u00f1as de prevenci\u00f3n y de informaci\u00f3n, principalmente para que las embarazadas y beb\u00e9s ya no sean v\u00edctimas de los contagios.<\/p>\n\n\n\n<p>INICIAN CAMPA\u00d1A<\/p>\n\n\n\n<p>Fue en el patio del IAGO donde se present\u00f3 este viernes la campa\u00f1a informativa \u00abSin funda no hay rumba\u00bb, para la cual la asociaci\u00f3n civil apoy\u00f3 con una obra in\u00e9dita del fallecido artista Francisco Toledo.&nbsp;<\/p>\n\n\n\n<p>La obra est\u00e1 plasmada en los folletos informativos y en la unidades del Coesida en las cuales se aplican pruebas de detecci\u00f3n o tamizaje para detectar VIH y otras infecciones de transmisi\u00f3n sexual.<\/p>\n\n\n\n<p>Como parte de la campa\u00f1a, m\u00e1s de 30 espacios culturales p\u00fablicos y privados se sumar\u00e1n el pr\u00f3ximo fin de semana (29 y 30 de agosto) con actividades culturales e informativas.<\/p>\n\n\n\n<p>Sara L\u00f3pez Ellitsgaard, presidenta de la asociaci\u00f3n civil Francisco Toledo, llam\u00f3 a las y los funcionarios a poner el ejemplo y se hagan la prueba de detecci\u00f3n, tambi\u00e9n para que las y los empresarios se acerquen a Coesida para capacitarse en el tema.<\/p>\n\n\n\n<p>A la poblaci\u00f3n en general, la exhort\u00f3 a realizarse la prueba y dejar los estigmas respecto al VIH, ya que es un virus que puede afectar a cualquier persona que tenga relaciones sexuales sin protecci\u00f3n.<\/p>\n","protected":false},"excerpt":{"rendered":"<p>Lisbeth Mej\u00eda Reyes\/Zona Roja. Oaxaca, Oax., a 22 de agosto de 2025.- El Virus de&hellip;<\/p>\n","protected":false},"author":2,"featured_media":83815,"comment_status":"closed","ping_status":"open","sticky":false,"template":"","format":"standard","meta":{"_lmt_disableupdate":"","_lmt_disable":"","_jetpack_memberships_contains_paid_content":false,"footnotes":""},"categories":[109,46],"tags":[],"class_list":["post-83814","post","type-post","status-publish","format-standard","has-post-thumbnail","hentry","category-minuto-a-minuto","category-zona-blanca"],"jetpack_featured_media_url":"https:\/\/zonaroja.com.mx\/wp-content\/uploads\/2025\/08\/Campana-Coesida.jpg","jetpack_sharing_enabled":true,"_links":{"self":[{"href":"https:\/\/zonaroja.com.mx\/index.php?rest_route=\/wp\/v2\/posts\/83814","targetHints":{"allow":["GET"]}}],"collection":[{"href":"https:\/\/zonaroja.com.mx\/index.php?rest_route=\/wp\/v2\/posts"}],"about":[{"href":"https:\/\/zonaroja.com.mx\/index.php?rest_route=\/wp\/v2\/types\/post"}],"author":[{"embeddable":true,"href":"https:\/\/zonaroja.com.mx\/index.php?rest_route=\/wp\/v2\/users\/2"}],"replies":[{"embeddable":true,"href":"https:\/\/zonaroja.com.mx\/index.php?rest_route=%2Fwp%2Fv2%2Fcomments&post=83814"}],"version-history":[{"count":1,"href":"https:\/\/zonaroja.com.mx\/index.php?rest_route=\/wp\/v2\/posts\/83814\/revisions"}],"predecessor-version":[{"id":83816,"href":"https:\/\/zonaroja.com.mx\/index.php?rest_route=\/wp\/v2\/posts\/83814\/revisions\/83816"}],"wp:featuredmedia":[{"embeddable":true,"href":"https:\/\/zonaroja.com.mx\/index.php?rest_route=\/wp\/v2\/media\/83815"}],"wp:attachment":[{"href":"https:\/\/zonaroja.com.mx\/index.php?rest_route=%2Fwp%2Fv2%2Fmedia&parent=83814"}],"wp:term":[{"taxonomy":"category","embeddable":true,"href":"https:\/\/zonaroja.com.mx\/index.php?rest_route=%2Fwp%2Fv2%2Fcategories&post=83814"},{"taxonomy":"post_tag","embeddable":true,"href":"https:\/\/zonaroja.com.mx\/index.php?rest_route=%2Fwp%2Fv2%2Ftags&post=83814"}],"curies":[{"name":"wp","href":"https:\/\/api.w.org\/{rel}","templated":true}]}}