{"id":8382,"date":"2020-02-03T22:31:11","date_gmt":"2020-02-04T04:31:11","guid":{"rendered":"https:\/\/www.zonaroja.com.mx\/?p=8382"},"modified":"2020-02-03T22:31:13","modified_gmt":"2020-02-04T04:31:13","slug":"sones-mixes-resonaron-en-palacio-nacional-dan-reconocimiento-juridico-al-cecam","status":"publish","type":"post","link":"https:\/\/zonaroja.com.mx\/?p=8382","title":{"rendered":"Sones mixes resonaron en Palacio Nacional; dan reconocimiento jur\u00eddico al CECAM"},"content":{"rendered":"\n<p>Evlin Arag\u00f3n\/Zona Roja.&nbsp;<\/p>\n\n\n\n<p>Oaxaca de Ju\u00e1rez, Oax., 3 de febrero de 2020.-&nbsp;<a href=\"\/\/0\">Este lunes<\/a>, los sones mixes llegaron hasta el sal\u00f3n Tesorer\u00eda de Palacio Nacional y se escucharon en el marco de la la conferencia ma\u00f1anera del presidente de la Rep\u00fablica, Andr\u00e9s Manuel L\u00f3pez Obrador, de la mano de j\u00f3venes integrantes del Centro de Capacitaci\u00f3n Musical y Desarrollo de la Cultura Mixe (CECAM).<\/p>\n\n\n\n<p>Y es que el mandatario federal firm\u00f3 el decreto que crea la Comisi\u00f3n Presidencial que dar\u00e1 reconocimiento jur\u00eddico al CECAM y que le permitir\u00e1 contar con un presupuesto p\u00fablico anual para su debido funcionamiento en Santa Mar\u00eda Tlahuiltoltepec donde actualmente se ubica.<\/p>\n\n\n\n<p>\u201cEs un mill\u00f3n de veces mejor una flauta que un fusil. No puede haber nada m\u00e1s importante que lo que vamos a disfrutar esta ma\u00f1ana\u201d, expres\u00f3 L\u00f3pez Obrador durante la conferencia matutina de&nbsp;<a href=\"\/\/2\">este lunes<\/a>.<\/p>\n\n\n\n<p>El director del&nbsp;<a href=\"https:\/\/www.gob.mx\/inpi\">Instituto Nacional de los Pueblos Ind\u00edgenas<\/a>&nbsp;(INPI),&nbsp;Adelfo Regino Montes, record\u00f3 que el CECAM fue creado en 1997 y desde entonces no ha hecho m\u00e1s que enaltecer la cultura musical de los pueblos y comunidades ind\u00edgenas, adem\u00e1s que ha formado musicalmente a miles de ni\u00f1as y ni\u00f1os en Oaxaca.<\/p>\n\n\n\n<p>\u201cLa m\u00fasica es el alma, es el esp\u00edritu de nuestros pueblos\u201d, se\u00f1al\u00f3 el funcionario que adem\u00e1s dijo que con el reconocimiento del centro musical se esta enalteciendo el patrimonio cultural y la cultura musical de los pueblos ind\u00edgenas.<\/p>\n\n\n\n<p>En el marco de la conferencia ma\u00f1anera de&nbsp;<a href=\"\/\/3\">este lunes<\/a>, el mandatario federal encabez\u00f3 la primera entrega de instrumentos musicales para bandas oaxaque\u00f1as&nbsp;<a href=\"\/\/4\">de las ocho<\/a>&nbsp;regiones de la entidad, con base a las solicitudes que se recibieron y dando preferencia a los grupos que no estaban inscritos en ning\u00fan programa de cultura.<\/p>\n\n\n\n<p>La secretaria de Cultura, Alejandra Frausto, detall\u00f3 que los recursos se obtuvieron en una de la subastas realizadas en Los Pinos, en donde se recaudaron m\u00e1s de 16 millones de pesos, con los que se adquirieron mil instrumentos musicales que se entregaran a partir de&nbsp;<a href=\"\/\/5\">este lunes<\/a>&nbsp;y durante los pr\u00f3ximos tres meses.<\/p>\n\n\n\n<p>\u201cLa apuesta es la vida y la m\u00fasica. La cultura es muy poderosa para la construcci\u00f3n de paz\u201d, dijo la funcionaria previo a la entrega de instrumentos a la Escuela de Iniciaci\u00f3nn Musical \u201cSanta Cecilia\u201d de Zaachila, el Bachillerato Musical Zoogocho y la Banda Comunitaria de San Agust\u00edn Tlacotepec, todas ellas con reconocimiento por su trabajo comunitario a favor principalmente de la ni\u00f1ez y juventud. <\/p>\n","protected":false},"excerpt":{"rendered":"<p>Evlin Arag\u00f3n\/Zona Roja.&nbsp; Oaxaca de Ju\u00e1rez, Oax., 3 de febrero de 2020.-&nbsp;Este lunes, los sones&hellip;<\/p>\n","protected":false},"author":2,"featured_media":8381,"comment_status":"closed","ping_status":"open","sticky":false,"template":"","format":"standard","meta":{"_lmt_disableupdate":"","_lmt_disable":"","_jetpack_memberships_contains_paid_content":false,"footnotes":""},"categories":[109,46],"tags":[],"class_list":["post-8382","post","type-post","status-publish","format-standard","has-post-thumbnail","hentry","category-minuto-a-minuto","category-zona-blanca"],"jetpack_featured_media_url":"https:\/\/zonaroja.com.mx\/wp-content\/uploads\/2020\/02\/img_5085-1.jpg","jetpack_sharing_enabled":true,"_links":{"self":[{"href":"https:\/\/zonaroja.com.mx\/index.php?rest_route=\/wp\/v2\/posts\/8382","targetHints":{"allow":["GET"]}}],"collection":[{"href":"https:\/\/zonaroja.com.mx\/index.php?rest_route=\/wp\/v2\/posts"}],"about":[{"href":"https:\/\/zonaroja.com.mx\/index.php?rest_route=\/wp\/v2\/types\/post"}],"author":[{"embeddable":true,"href":"https:\/\/zonaroja.com.mx\/index.php?rest_route=\/wp\/v2\/users\/2"}],"replies":[{"embeddable":true,"href":"https:\/\/zonaroja.com.mx\/index.php?rest_route=%2Fwp%2Fv2%2Fcomments&post=8382"}],"version-history":[{"count":1,"href":"https:\/\/zonaroja.com.mx\/index.php?rest_route=\/wp\/v2\/posts\/8382\/revisions"}],"predecessor-version":[{"id":8383,"href":"https:\/\/zonaroja.com.mx\/index.php?rest_route=\/wp\/v2\/posts\/8382\/revisions\/8383"}],"wp:featuredmedia":[{"embeddable":true,"href":"https:\/\/zonaroja.com.mx\/index.php?rest_route=\/wp\/v2\/media\/8381"}],"wp:attachment":[{"href":"https:\/\/zonaroja.com.mx\/index.php?rest_route=%2Fwp%2Fv2%2Fmedia&parent=8382"}],"wp:term":[{"taxonomy":"category","embeddable":true,"href":"https:\/\/zonaroja.com.mx\/index.php?rest_route=%2Fwp%2Fv2%2Fcategories&post=8382"},{"taxonomy":"post_tag","embeddable":true,"href":"https:\/\/zonaroja.com.mx\/index.php?rest_route=%2Fwp%2Fv2%2Ftags&post=8382"}],"curies":[{"name":"wp","href":"https:\/\/api.w.org\/{rel}","templated":true}]}}