{"id":83821,"date":"2025-08-23T08:45:00","date_gmt":"2025-08-23T14:45:00","guid":{"rendered":"https:\/\/zonaroja.com.mx\/?p=83821"},"modified":"2025-08-23T07:09:25","modified_gmt":"2025-08-23T13:09:25","slug":"hay-72-familias-desplazadas-de-yosondua-por-conflicto-agrario","status":"publish","type":"post","link":"https:\/\/zonaroja.com.mx\/?p=83821","title":{"rendered":"Hay 72 familias desplazadas de Yosond\u00faa, por conflicto agrario"},"content":{"rendered":"\n<p>Ismael Garc\u00eda M.\/Zona Roja.<\/p>\n\n\n\n<p>Oaxaca, Oax., a 23 de agosto de 2023.- Al menos 72 familias se encuentran desplazadas de la comunidad de Buenavista, municipio de Santiago Yosond\u00faa, debido a un conflicto agrario, confirm\u00f3 el gobierno de Oaxaca.<\/p>\n\n\n\n<p>En tanto, las autoridades municipales y auxiliares dieron a conocer que por segunda ocasi\u00f3n, la tarde del jueves fueron agredidos los pobladores de la agencia de Buenavista, adem\u00e1s de incendiar m\u00e1s casas, por parte de Santa Mar\u00eda Yolotepec.&nbsp;<\/p>\n\n\n\n<p>Seg\u00fan la versi\u00f3n de la autoridad local, son m\u00e1s de 100 personas las que han huido de su comunidad ante los continuos ataques armados y se fueron a refugiar a la localidad de Cabecera de Ca\u00f1ada.<\/p>\n\n\n\n<p>Demand\u00f3 la intervenci\u00f3n de la Guardia Nacional y de corporaciones policiacas estatales, con la finalidad de evitar m\u00e1s ataques.<\/p>\n\n\n\n<p>Fue el pasado lunes 18 de agosto en que se reanudaron las hostilidades entre ambas partes, que se acusan mutuamente de agresiones armadas. El martes, la Secretar\u00eda de Gobierno atendi\u00f3 por separado a ambas representaciones municipales, a quienes llam\u00f3 al di\u00e1logo.<\/p>\n\n\n\n<figure class=\"wp-block-embed is-type-rich is-provider-twitter wp-block-embed-twitter\"><div class=\"wp-block-embed__wrapper\">\n<div class=\"twitter-tweet\"><blockquote class=\"twitter-tweet\" data-lang=\"es\"><p lang=\"es\" dir=\"ltr\">Las denuncias por agresiones y balaceras entre Santiago Yosond\u00faa y Santa Mar\u00eda Yolotepec, Oaxaca, contin\u00faan. <br>Escuche el mensaje de estas familias, que aseguran son v\u00edctimas del resurgimiento del conflicto agrario: <a href=\"https:\/\/t.co\/rYS0QOZjVv\">pic.twitter.com\/rYS0QOZjVv<\/a><\/p>&mdash; Zona Roja Oaxaca (@ZonaRoja_Oaxaca) <a href=\"https:\/\/twitter.com\/ZonaRoja_Oaxaca\/status\/1959067536374350129?ref_src=twsrc%5Etfw\">23 de agosto de 2025<\/a><\/blockquote><\/div>\n<\/div><\/figure>\n\n\n\n<p>Y ayer, el gobierno de Oaxaca inform\u00f3 que entreg\u00f3 v\u00edveres y botiquines de emergencias a las familias en situaci\u00f3n de desplazamiento forzado interno de la comunidad de Buenavista, perteneciente a Santiago Yosond\u00faa, de la regi\u00f3n Mixteca-<\/p>\n\n\n\n<p>Fue a trav\u00e9s de la Coordinaci\u00f3n para la Atenci\u00f3n de los Derechos Humanos del Estado de Oaxaca (CADH) que llev\u00f3 estos insumos donados por la Oficina del Alto Comisionado de las Naciones Unidas para los Refugiados (ACNUR) de la Organizaci\u00f3n de las Naciones Unidas (ONU).<\/p>\n\n\n\n<p>La titular de la CADH, Flor Estela Morales Hern\u00e1ndez, se\u00f1al\u00f3 que en esta entrega se privilegi\u00f3 a madres solteras, mujeres en postparto, embarazadas, personas mayores y hombres; asimismo, se refrend\u00f3 el compromiso para canalizar acciones y garantizar la protecci\u00f3n a sus derechos humanos.<\/p>\n\n\n\n<p>\u201cEn este primer&nbsp;ejercicio se atendieron a 72 familias, a quienes adem\u00e1s se les realizaron entrevistas de primer contacto ante el desplazamiento que recientemente est\u00e1n atravesando\u201d.<\/p>\n\n\n\n<p>De la misma manera, el gobierno estatal indic\u00f3 que se reforz\u00f3 la seguridad en la zona en conflicto de la Mixteca para garantizar la integridad de las personas y en coordinaci\u00f3n con la Polic\u00eda Estatal, la Direcci\u00f3n General del Hangar y la Fiscal\u00eda General del Estado de Oaxaca, se han realizado vuelos de patrullaje y reconocimiento a\u00e9reo.<\/p>\n\n\n\n<p>Las operaciones se centraron en las localidades de El Porvenir, Santiago Yosond\u00faa y Santo Domingo Ixcatl\u00e1n, con el objetivo de realizar un monitoreo exhaustivo del territorio y reforzar las estrategias de seguridad y paz en la regi\u00f3n.<\/p>\n\n\n\n<p>\u201cEstos sobrevuelos permiten detectar posibles riesgos, coordinar acciones interinstitucionales y garantizar una presencia activa de las fuerzas de seguridad en esta zona a fin de preservar los derechos humanos\u201d, difundi\u00f3.<\/p>\n\n\n\n<figure class=\"wp-block-embed is-type-rich is-provider-twitter wp-block-embed-twitter\"><div class=\"wp-block-embed__wrapper\">\n<div class=\"twitter-tweet\"><blockquote class=\"twitter-tweet\" data-lang=\"es\"><p lang=\"es\" dir=\"ltr\">El <a href=\"https:\/\/twitter.com\/GobOax?ref_src=twsrc%5Etfw\">@GobOax<\/a> dio a conocer que personal de la Polic\u00eda Estatal y de la <a href=\"https:\/\/twitter.com\/FISCALIA_GobOax?ref_src=twsrc%5Etfw\">@FISCALIA_GobOax<\/a> realizaron vuelos de patrullaje y reconocimiento a\u00e9reo en la regi\u00f3n Mixteca.<br><br>Las operaciones se centraron en las localidades de El Porvenir, Santiago Yosondua, y Santo Domingo Ixcatl\u00e1n, con el\u2026 <a href=\"https:\/\/t.co\/mz1DjtlblM\">pic.twitter.com\/mz1DjtlblM<\/a><\/p>&mdash; Zona Roja Oaxaca (@ZonaRoja_Oaxaca) <a href=\"https:\/\/twitter.com\/ZonaRoja_Oaxaca\/status\/1959005258157355030?ref_src=twsrc%5Etfw\">22 de agosto de 2025<\/a><\/blockquote><\/div>\n<\/div><\/figure>\n","protected":false},"excerpt":{"rendered":"<p>Ismael Garc\u00eda M.\/Zona Roja. Oaxaca, Oax., a 23 de agosto de 2023.- Al menos 72&hellip;<\/p>\n","protected":false},"author":2,"featured_media":83822,"comment_status":"closed","ping_status":"open","sticky":false,"template":"","format":"standard","meta":{"_lmt_disableupdate":"","_lmt_disable":"","_jetpack_memberships_contains_paid_content":false,"footnotes":""},"categories":[109,47],"tags":[4412,3925],"class_list":["post-83821","post","type-post","status-publish","format-standard","has-post-thumbnail","hentry","category-minuto-a-minuto","category-zona-gris","tag-santa-maria-yolotepec","tag-santiago-yosondua"],"jetpack_featured_media_url":"https:\/\/zonaroja.com.mx\/wp-content\/uploads\/2025\/08\/Desplazados-Buenavista-Yolotepec.jpg","jetpack_sharing_enabled":true,"_links":{"self":[{"href":"https:\/\/zonaroja.com.mx\/index.php?rest_route=\/wp\/v2\/posts\/83821","targetHints":{"allow":["GET"]}}],"collection":[{"href":"https:\/\/zonaroja.com.mx\/index.php?rest_route=\/wp\/v2\/posts"}],"about":[{"href":"https:\/\/zonaroja.com.mx\/index.php?rest_route=\/wp\/v2\/types\/post"}],"author":[{"embeddable":true,"href":"https:\/\/zonaroja.com.mx\/index.php?rest_route=\/wp\/v2\/users\/2"}],"replies":[{"embeddable":true,"href":"https:\/\/zonaroja.com.mx\/index.php?rest_route=%2Fwp%2Fv2%2Fcomments&post=83821"}],"version-history":[{"count":1,"href":"https:\/\/zonaroja.com.mx\/index.php?rest_route=\/wp\/v2\/posts\/83821\/revisions"}],"predecessor-version":[{"id":83823,"href":"https:\/\/zonaroja.com.mx\/index.php?rest_route=\/wp\/v2\/posts\/83821\/revisions\/83823"}],"wp:featuredmedia":[{"embeddable":true,"href":"https:\/\/zonaroja.com.mx\/index.php?rest_route=\/wp\/v2\/media\/83822"}],"wp:attachment":[{"href":"https:\/\/zonaroja.com.mx\/index.php?rest_route=%2Fwp%2Fv2%2Fmedia&parent=83821"}],"wp:term":[{"taxonomy":"category","embeddable":true,"href":"https:\/\/zonaroja.com.mx\/index.php?rest_route=%2Fwp%2Fv2%2Fcategories&post=83821"},{"taxonomy":"post_tag","embeddable":true,"href":"https:\/\/zonaroja.com.mx\/index.php?rest_route=%2Fwp%2Fv2%2Ftags&post=83821"}],"curies":[{"name":"wp","href":"https:\/\/api.w.org\/{rel}","templated":true}]}}