{"id":83824,"date":"2025-08-23T09:45:00","date_gmt":"2025-08-23T15:45:00","guid":{"rendered":"https:\/\/zonaroja.com.mx\/?p=83824"},"modified":"2025-08-23T07:13:40","modified_gmt":"2025-08-23T13:13:40","slug":"dictan-160-anos-de-prision-a-dos-homicidas-de-atzompa-oaxaca","status":"publish","type":"post","link":"https:\/\/zonaroja.com.mx\/?p=83824","title":{"rendered":"Dictan 160 a\u00f1os de prisi\u00f3n a dos homicidas de Atzompa, Oaxaca"},"content":{"rendered":"\n<p>Redacci\u00f3n\/Zona Roja.<\/p>\n\n\n\n<p>Oaxaca, Oax., a 23 de agosto de 2025.- La Fiscal\u00eda General del Estado de Oaxaca (FGEO) obtuvo dos sentencias condenatorias que suman un total de 160 a\u00f1os de prisi\u00f3n en contra de dos personas del sexo masculino identificadas como Jorge H.S., alias \u201cEl Tyson\u201d y Francisco J.R.R., alias \u201cEl Demente\u201d, por su responsabilidad en el delito de homicidio calificado en agravio de dos personas, en hechos ocurridos en la regi\u00f3n de los Valles Centrales.<\/p>\n\n\n\n<p>De acuerdo con la investigaci\u00f3n realizada por la FGEO, los hechos sucedieron el 7 de marzo de 2020, cuando Jorge H.S., alias \u201cEl Tyson\u201d y Francisco J.R.R., alias \u201cEl Demente\u201d, privaron de la vida a las v\u00edctimas identificadas como H.N.H.G. (hombre) y L.F.J. (mujer), al encontrarse en el interior de un domicilio ubicado en la colonia Guelaguetza, jurisdicci\u00f3n del municipio de Santa Mar\u00eda Atzompa.<\/p>\n\n\n\n<p>La investigaci\u00f3n revela que posteriormente, los sentenciados abandonaron los cuerpos de las v\u00edctimas en el paraje \u201cLoma Virgen\u201d, perteneciente a Santa Mar\u00eda Atzompa, donde el 9 de marzo de 2020 fueron localizados los cuerpos sin vida de H.N.H.G. y L.F.J., quienes presentaban quemaduras en diversas partes del cuerpo.<\/p>\n\n\n\n<p>Ante los hechos, la Fiscal\u00eda de Oaxaca -a trav\u00e9s de la Fiscal\u00eda Especializada en Atenci\u00f3n a Delitos de Alto Impacto- atrajo las investigaciones del caso, que permitieron la detenci\u00f3n de Jorge H.S., alias \u201cEl Tyson\u201d y Francisco J.R.R., alias \u201cEl Demente\u201d, mismos que fueron presentados ante el juzgado correspondiente.<\/p>\n\n\n\n<p>En audiencia y tras el desahogo de pruebas aportadas por la Fiscal\u00eda de Oaxaca, el Tribunal de Enjuiciamiento dict\u00f3 sentencia condenatoria de 80 a\u00f1os de prisi\u00f3n en contra de cada uno de los responsables identificados como Jorge H.S., alias \u201cEl Tyson\u201d y Francisco J.R.R., alias \u201cEl Demente\u201d, por el delito de homicidio calificado, adem\u00e1s de imponer el pago por concepto de la reparaci\u00f3n del da\u00f1o.<\/p>\n\n\n\n<p>OTRO SENTENCIADO<\/p>\n\n\n\n<p>En otro caso, la Fiscal\u00eda General obtuvo una sentencia condenatoria de 30 a\u00f1os de prisi\u00f3n en contra de una persona del sexo masculino identificado como Pastor E.A.F., responsable por el delito de homicidio calificado con ventaja, cometido en agravio de C.A.V., ocurrido en la regi\u00f3n de la Costa.<\/p>\n\n\n\n<p>Conforme al expediente penal del caso, los hechos ocurrieron el 14 de diciembre de 2023, cuando la v\u00edctima C.A.V., caminaba en inmediaciones de un paraje denominado \u00abEl Recodo\u00bb ubicado en l\u00edmites de la poblaci\u00f3n de Camotinch\u00e1n de San Sebasti\u00e1n Ixcapa y San Antonio Tepetlapa perteneciente al distrito de Santiago Jamiltepec, lugar donde el hoy sentenciado lo agredi\u00f3 con disparos de armas de fuego, infligiendo lesiones que lo privaron de la vida.<\/p>\n\n\n\n<p>Luego de que la FGEO tom\u00f3 conocimiento del caso, inici\u00f3 la investigaci\u00f3n correspondiente -a trav\u00e9s de la Fiscal\u00eda Especializada en Atenci\u00f3n a Delitos de Alto Impacto de la Vicefiscal\u00eda Regional de la Costa-, la cual permiti\u00f3 la detenci\u00f3n de Pastor E.A.F., para posteriormente, ponerlo a disposici\u00f3n de las autoridades judiciales.<\/p>\n\n\n\n<p>Tras las audiencias de desahogo de pruebas, el Tribunal de Enjuiciamiento obtuvo los elementos suficientes para dictar sentencia condenatoria de 30 a\u00f1os de prisi\u00f3n en contra de Pastor E.A.F., por su responsabilidad en la comisi\u00f3n del delito de homicidio calificado con ventaja, adem\u00e1s de imponer el pago superior a m\u00e1s de medio mill\u00f3n de pesos, por concepto de la reparaci\u00f3n del da\u00f1o.<\/p>\n\n\n\n<p>La Fiscal\u00eda General del Estado de Oaxaca reafirma su compromiso con la procuraci\u00f3n de justicia y el fortalecimiento de las investigaciones para llevar ante la ley a los responsables de la comisi\u00f3n de delitos.<\/p>\n","protected":false},"excerpt":{"rendered":"<p>Redacci\u00f3n\/Zona Roja. Oaxaca, Oax., a 23 de agosto de 2025.- La Fiscal\u00eda General del Estado&hellip;<\/p>\n","protected":false},"author":2,"featured_media":69158,"comment_status":"closed","ping_status":"open","sticky":false,"template":"","format":"standard","meta":{"_lmt_disableupdate":"","_lmt_disable":"","_jetpack_memberships_contains_paid_content":false,"footnotes":""},"categories":[109,46],"tags":[494],"class_list":["post-83824","post","type-post","status-publish","format-standard","has-post-thumbnail","hentry","category-minuto-a-minuto","category-zona-blanca","tag-fiscalia-general-del-estado-de-oaxaca"],"jetpack_featured_media_url":"https:\/\/zonaroja.com.mx\/wp-content\/uploads\/2024\/06\/Asesino-carcel-prision.webp","jetpack_sharing_enabled":true,"_links":{"self":[{"href":"https:\/\/zonaroja.com.mx\/index.php?rest_route=\/wp\/v2\/posts\/83824","targetHints":{"allow":["GET"]}}],"collection":[{"href":"https:\/\/zonaroja.com.mx\/index.php?rest_route=\/wp\/v2\/posts"}],"about":[{"href":"https:\/\/zonaroja.com.mx\/index.php?rest_route=\/wp\/v2\/types\/post"}],"author":[{"embeddable":true,"href":"https:\/\/zonaroja.com.mx\/index.php?rest_route=\/wp\/v2\/users\/2"}],"replies":[{"embeddable":true,"href":"https:\/\/zonaroja.com.mx\/index.php?rest_route=%2Fwp%2Fv2%2Fcomments&post=83824"}],"version-history":[{"count":1,"href":"https:\/\/zonaroja.com.mx\/index.php?rest_route=\/wp\/v2\/posts\/83824\/revisions"}],"predecessor-version":[{"id":83825,"href":"https:\/\/zonaroja.com.mx\/index.php?rest_route=\/wp\/v2\/posts\/83824\/revisions\/83825"}],"wp:featuredmedia":[{"embeddable":true,"href":"https:\/\/zonaroja.com.mx\/index.php?rest_route=\/wp\/v2\/media\/69158"}],"wp:attachment":[{"href":"https:\/\/zonaroja.com.mx\/index.php?rest_route=%2Fwp%2Fv2%2Fmedia&parent=83824"}],"wp:term":[{"taxonomy":"category","embeddable":true,"href":"https:\/\/zonaroja.com.mx\/index.php?rest_route=%2Fwp%2Fv2%2Fcategories&post=83824"},{"taxonomy":"post_tag","embeddable":true,"href":"https:\/\/zonaroja.com.mx\/index.php?rest_route=%2Fwp%2Fv2%2Ftags&post=83824"}],"curies":[{"name":"wp","href":"https:\/\/api.w.org\/{rel}","templated":true}]}}