{"id":83826,"date":"2025-08-23T10:45:00","date_gmt":"2025-08-23T16:45:00","guid":{"rendered":"https:\/\/zonaroja.com.mx\/?p=83826"},"modified":"2025-08-23T07:26:07","modified_gmt":"2025-08-23T13:26:07","slug":"asesinan-a-una-familia-en-guadalajara-entre-ellos-dos-menores","status":"publish","type":"post","link":"https:\/\/zonaroja.com.mx\/?p=83826","title":{"rendered":"Asesinan a una familia en Guadalajara, entre ellos dos menores"},"content":{"rendered":"\n<p>Redacci\u00f3n\/Zona Roja Cdmx.<\/p>\n\n\n\n<p>Ciudad de M\u00e9xico, a 23 de agosto de 2025.- La Fiscal\u00eda de Jalisco dio a conocer ayer que los cuerpos encontrados en una camioneta abandonada en la colonia San Andr\u00e9s en Guadalajara corresponden a cuatro y no tres personas como se hab\u00eda informado anteriormente y detall\u00f3 que dos, pertenecen a menores de edad.<\/p>\n\n\n\n<p>\u00abPodemos presumir que es una familia la que fue victimada tambi\u00e9n y que se encuentran en este momento proces\u00e1ndose en el Instituto Jalisciense de Ciencias Forenses\u00bb, detall\u00f3 Alfonso Guti\u00e9rrez Santill\u00e1n, Vicefiscal en Investigaci\u00f3n Criminal Especializada de la Fiscal\u00eda de Jalisco.<\/p>\n\n\n\n<p>Alfonso Guti\u00e9rrez Santill\u00e1n inform\u00f3 que aparentemente se trata de una familia; un hombre de 40 a\u00f1os, una mujer de 35, una ni\u00f1a de 10 y un ni\u00f1o de 14 a\u00f1os de edad.<\/p>\n\n\n\n<p>\u00abFue abierta la cabina y desgraciadamente y lamentablemente hay dos cuerpos humanos dentro de la cabina que pertenecen a dos ni\u00f1os de entre cinco y diez a\u00f1os. Pens\u00e1bamos que era el cuerpo de una persona adulta pero no, resulta que son dos cuerpos de ni\u00f1os\u00bb, dijo.<\/p>\n\n\n\n<p>Confirmaron adem\u00e1s que la camioneta fue abandonada por un hombre desde el martes por la noche en la calle Jorge Delorme y Campos al cruce con Federico Medrano, esta no contaba con reporte de robo.<\/p>\n\n\n\n<p>EL HALLAZGO<\/p>\n\n\n\n<p>A primeras horas de esta viernes, se report\u00f3 el hallazgo en la colonia San Andr\u00e9s de una camioneta tipo pick up&nbsp; color gris con cuerpos tanto en su caja como al interior de la cabina, posteriormente se inform\u00f3 que pertenec\u00edan&nbsp; a dos adultos y dos menores de edad.<\/p>\n\n\n\n<p>El hallazgo ocurri\u00f3 sobre la calle Jorge Delorme y Campos al cruce con Federico Medrano, cuando vecinos que pasaban a un costado de la camioneta se percataron de los cuerpos en la caja y llamaron a las autoridades.<\/p>\n\n\n\n<p>Param\u00e9dicos que llegaron a la zona informaron que los cuerpos presentaban huellas de violencia y aparentemente heridas por impactos de arma de fuego.<\/p>\n\n\n\n<p>(Informaci\u00f3n de \u201cMilenio\u201d)<\/p>\n","protected":false},"excerpt":{"rendered":"<p>Redacci\u00f3n\/Zona Roja Cdmx. Ciudad de M\u00e9xico, a 23 de agosto de 2025.- La Fiscal\u00eda de&hellip;<\/p>\n","protected":false},"author":2,"featured_media":83827,"comment_status":"closed","ping_status":"open","sticky":false,"template":"","format":"standard","meta":{"_lmt_disableupdate":"","_lmt_disable":"","_jetpack_memberships_contains_paid_content":false,"footnotes":""},"categories":[109,51],"tags":[2466],"class_list":["post-83826","post","type-post","status-publish","format-standard","has-post-thumbnail","hentry","category-minuto-a-minuto","category-zona-roja","tag-guadalajara-jalisco"],"jetpack_featured_media_url":"https:\/\/zonaroja.com.mx\/wp-content\/uploads\/2025\/08\/Familia-asesinada-camioneta-Guadalajara-Jalisco.webp","jetpack_sharing_enabled":true,"_links":{"self":[{"href":"https:\/\/zonaroja.com.mx\/index.php?rest_route=\/wp\/v2\/posts\/83826","targetHints":{"allow":["GET"]}}],"collection":[{"href":"https:\/\/zonaroja.com.mx\/index.php?rest_route=\/wp\/v2\/posts"}],"about":[{"href":"https:\/\/zonaroja.com.mx\/index.php?rest_route=\/wp\/v2\/types\/post"}],"author":[{"embeddable":true,"href":"https:\/\/zonaroja.com.mx\/index.php?rest_route=\/wp\/v2\/users\/2"}],"replies":[{"embeddable":true,"href":"https:\/\/zonaroja.com.mx\/index.php?rest_route=%2Fwp%2Fv2%2Fcomments&post=83826"}],"version-history":[{"count":1,"href":"https:\/\/zonaroja.com.mx\/index.php?rest_route=\/wp\/v2\/posts\/83826\/revisions"}],"predecessor-version":[{"id":83828,"href":"https:\/\/zonaroja.com.mx\/index.php?rest_route=\/wp\/v2\/posts\/83826\/revisions\/83828"}],"wp:featuredmedia":[{"embeddable":true,"href":"https:\/\/zonaroja.com.mx\/index.php?rest_route=\/wp\/v2\/media\/83827"}],"wp:attachment":[{"href":"https:\/\/zonaroja.com.mx\/index.php?rest_route=%2Fwp%2Fv2%2Fmedia&parent=83826"}],"wp:term":[{"taxonomy":"category","embeddable":true,"href":"https:\/\/zonaroja.com.mx\/index.php?rest_route=%2Fwp%2Fv2%2Fcategories&post=83826"},{"taxonomy":"post_tag","embeddable":true,"href":"https:\/\/zonaroja.com.mx\/index.php?rest_route=%2Fwp%2Fv2%2Ftags&post=83826"}],"curies":[{"name":"wp","href":"https:\/\/api.w.org\/{rel}","templated":true}]}}