{"id":83829,"date":"2025-08-23T12:29:00","date_gmt":"2025-08-23T18:29:00","guid":{"rendered":"https:\/\/zonaroja.com.mx\/?p=83829"},"modified":"2025-08-23T07:30:34","modified_gmt":"2025-08-23T13:30:34","slug":"trabajadores-de-confianza-del-poder-judicial-denuncian-que-son-obligados-a-renunciar","status":"publish","type":"post","link":"https:\/\/zonaroja.com.mx\/?p=83829","title":{"rendered":"Trabajadores de confianza del Poder Judicial denuncian que son obligados a renunciar"},"content":{"rendered":"\n<p>Lisbeth Mej\u00eda Reyes\/Zona Roja.<\/p>\n\n\n\n<p>Oaxaca, Oax., a 23 de agosto de 2025.- Empleados de confianza del Tribunal Superior de Justicia del estado de Oaxaca denunciaron que ante el cambio de la presidencia del \u00f3rgano, el director de Planeaci\u00f3n, \u00c9dgar Rogelio Estrada Ruiz, est\u00e1 obligando a jefes de departamentos y de oficina adscritos a las direcciones a firmar sus renuncias.&nbsp;<\/p>\n\n\n\n<p>En un pronunciamiento, llamaron a sus compa\u00f1eros que est\u00e1n en la misma situaci\u00f3n a no firmar las renuncias o las hojas en blanco, pues con eso perder\u00e1n la posibilidad de reclamar sus derechos laborales.<\/p>\n\n\n\n<p>Las renuncias, explicaron, son parte del proceso de entrega-recepci\u00f3n por el pr\u00f3ximo relevo de la titularidad del Tribunal Superior, tras las elecciones del pasado 1 de junio del Poder Judicial federal, por el que la magistrada Berenice Ram\u00edrez Jim\u00e9nez dejar\u00e1 la presidencia para asumir un nuevo cargo el 1 de septiembre y en su lugar llegar\u00e1 una nueva o nuevo presidente.&nbsp;<\/p>\n\n\n\n<p>Sin embargo, aclararon que estas renuncias \u00fanicamente aplican para las y los directores de las diferentes \u00e1reas del Tribunal, por ser personal de \u00abmucha confianza\u00bb contratado por el tiempo de la administraci\u00f3n de Ram\u00edrez Jim\u00e9nez. No as\u00ed para otros empleados de confianza que llevan m\u00e1s a\u00f1os laborando y que ya estaban antes de la llegada de la magistrada Berenice.<\/p>\n\n\n\n<p>\u00abSi alguien debe firmar su renuncia de manera inmediata, es el director de Planeaci\u00f3n e Inform\u00e1tica del Poder Judicial porque no cumple con el perfil que establece la ley org\u00e1nica de este poder y tampoco pudo trabajar en dicha direcci\u00f3n con \u00e9tica, profesionalismo y competencia\u00bb, externaron.<\/p>\n\n\n\n<p>Ser\u00e1 el pr\u00f3ximo 1 de septiembre cuando asuman funciones las y los nuevos magistrados elegidos el pasado 1 de julio. En este caso, la magistrada Berenice Ram\u00edrez Jim\u00e9nez hab\u00eda participado en las elecciones para la renovaci\u00f3n de los circuitos judiciales y fue la mujer con m\u00e1s votos entre las candidatas a magistradas en materia administrativa y civil.<\/p>\n","protected":false},"excerpt":{"rendered":"<p>Lisbeth Mej\u00eda Reyes\/Zona Roja. Oaxaca, Oax., a 23 de agosto de 2025.- Empleados de confianza&hellip;<\/p>\n","protected":false},"author":2,"featured_media":76185,"comment_status":"closed","ping_status":"open","sticky":false,"template":"","format":"standard","meta":{"_lmt_disableupdate":"","_lmt_disable":"","_jetpack_memberships_contains_paid_content":false,"footnotes":""},"categories":[109,47],"tags":[3796,1369],"class_list":["post-83829","post","type-post","status-publish","format-standard","has-post-thumbnail","hentry","category-minuto-a-minuto","category-zona-gris","tag-berenice-ramirez-jimenez","tag-tribunal-superior-de-justicia-de-oaxacatsejo"],"jetpack_featured_media_url":"https:\/\/zonaroja.com.mx\/wp-content\/uploads\/2025\/01\/Poder-Judicial-de-Oaxaca-Tribunal-Superior.jpg","jetpack_sharing_enabled":true,"_links":{"self":[{"href":"https:\/\/zonaroja.com.mx\/index.php?rest_route=\/wp\/v2\/posts\/83829","targetHints":{"allow":["GET"]}}],"collection":[{"href":"https:\/\/zonaroja.com.mx\/index.php?rest_route=\/wp\/v2\/posts"}],"about":[{"href":"https:\/\/zonaroja.com.mx\/index.php?rest_route=\/wp\/v2\/types\/post"}],"author":[{"embeddable":true,"href":"https:\/\/zonaroja.com.mx\/index.php?rest_route=\/wp\/v2\/users\/2"}],"replies":[{"embeddable":true,"href":"https:\/\/zonaroja.com.mx\/index.php?rest_route=%2Fwp%2Fv2%2Fcomments&post=83829"}],"version-history":[{"count":1,"href":"https:\/\/zonaroja.com.mx\/index.php?rest_route=\/wp\/v2\/posts\/83829\/revisions"}],"predecessor-version":[{"id":83830,"href":"https:\/\/zonaroja.com.mx\/index.php?rest_route=\/wp\/v2\/posts\/83829\/revisions\/83830"}],"wp:featuredmedia":[{"embeddable":true,"href":"https:\/\/zonaroja.com.mx\/index.php?rest_route=\/wp\/v2\/media\/76185"}],"wp:attachment":[{"href":"https:\/\/zonaroja.com.mx\/index.php?rest_route=%2Fwp%2Fv2%2Fmedia&parent=83829"}],"wp:term":[{"taxonomy":"category","embeddable":true,"href":"https:\/\/zonaroja.com.mx\/index.php?rest_route=%2Fwp%2Fv2%2Fcategories&post=83829"},{"taxonomy":"post_tag","embeddable":true,"href":"https:\/\/zonaroja.com.mx\/index.php?rest_route=%2Fwp%2Fv2%2Ftags&post=83829"}],"curies":[{"name":"wp","href":"https:\/\/api.w.org\/{rel}","templated":true}]}}