{"id":83836,"date":"2025-08-23T14:30:00","date_gmt":"2025-08-23T20:30:00","guid":{"rendered":"https:\/\/zonaroja.com.mx\/?p=83836"},"modified":"2025-08-23T07:50:52","modified_gmt":"2025-08-23T13:50:52","slug":"yalalag-de-fiesta-y-triunfante","status":"publish","type":"post","link":"https:\/\/zonaroja.com.mx\/?p=83836","title":{"rendered":"Yal\u00e1lag de fiesta y triunfante"},"content":{"rendered":"\n<p>Joel Hern\u00e1ndez Santiago*<\/p>\n\n\n\n<p>Ah\u00ed est\u00e1 la Villa Hidalgo Yal\u00e1lag, pl\u00e1cida en su lejan\u00eda y en su intimidad hist\u00f3rica. Ah\u00ed est\u00e1, triunfante y feliz. Y no es para menos. De un tiempo a esta parte le dijeron que lo que es suyo ya no era suyo. Se quer\u00edan apropiar de su historia, de su orgullo y su linaje.<\/p>\n\n\n\n<p>Una empresa internacional present\u00f3 como novedad propia una copia del modelo de huaraches que hist\u00f3ricamente han creado sus artistas artesanos y que portan con orgullo todos aqu\u00ed y en el resto de la entidad oaxaque\u00f1a y en el pa\u00eds\u2026 As\u00ed de f\u00e1cil.<\/p>\n\n\n\n<p>Pero resulta que los habitantes de Yal\u00e1lag que son tres mil, enfrentaron al gran capital del mundo para reclamar su derecho a defender lo que les quisieran arrebatar. Y no permitieron la afrenta. Decidieron que lo suyo siguiera siendo suyo hoy y siempre. Como ha sido y es que es.<\/p>\n\n\n\n<p>Y lo consiguieron. Consiguieron que la empresa Adidas aceptara su error y para evitar un litigio in\u00fatil y antemano perdido. El consorcio zapatero opt\u00f3 por el di\u00e1logo y la soluci\u00f3n. Los yalaltecas bien asesorados en lo legal por el abogado yalalteco Juan Maldonado supieron llevar el problema a lo legal. Con su asesor\u00eda y pasi\u00f3n de origen, Maldonado contribuy\u00f3 al triunfo. As\u00ed fue.<\/p>\n\n\n\n<p>Y la empresa, decirlo tambi\u00e9n, acepto ofrecer una disculpa p\u00fablica de frente a la comunidad y a las autoridades municipales y estatales. Nada f\u00e1cil, pero as\u00ed fue.<\/p>\n\n\n\n<p>Este jueves 21 de agosto la comunidad de Yal\u00e1lag se visti\u00f3 de fiesta. Las mujeres vestidas con su traje blanco y trenzado de colores. Orgullosas. Dignas. Hermosas. Caminan orondas y dignas. Con su negra cabellera descansando en sus hombros, y sus sonrisas inigualables. Estaban felices y altivas y ante tantos invitados de fuera a\u00fan m\u00e1s erguidas y contentas. Hab\u00edan triunfado.<\/p>\n\n\n\n<p>Ellos, tambi\u00e9n, siempre activos, con sus trajes blancos u obscuros, con sus sombreros anchos miraban a la avalancha de periodistas y funcionarios p\u00fablicos llegados a Yal\u00e1lag para atestiguar lo que habr\u00eda de ser el reconocimiento y el fundamento de una naci\u00f3n: el respeto.<\/p>\n\n\n\n<p>Habl\u00f3 Karen Gonz\u00e1lez, directora legal de Adidas M\u00e9xico para ofrecer las palabras que la dignidad ense\u00f1a: el ofrecer disculpas, el ofrecer el prop\u00f3sito de enmienda. Agradeci\u00f3 a la comunidad su disposici\u00f3n para crear puentes de di\u00e1logo y confianza. Expres\u00f3 el respeto a la cultura de Yal\u00e1lag, por su origen e historia. Y pidi\u00f3 a los artistas y a las autoridades dar pasos hacia la colaboraci\u00f3n mutua con respeto a la cultura y a la herencia cultural.<\/p>\n\n\n\n<p>Los yalaltecas aceptaron las disculpas. Las firmaron. Y hubo m\u00fasica que mostraba el orgullo de ser, de estar de conocerse y entenderse como oaxaque\u00f1os y yalaltecos.<\/p>\n\n\n\n<p>Y en reconocimiento ofrecieron lo que mejor llevan en el alma: m\u00fasica, sonrisas, alegr\u00eda y fiesta. Porque eso son los oaxaque\u00f1os, firmeza, dignidad, orgullo y coraje para ser y seguir siendo oaxaque\u00f1os.<br>Y no fue f\u00e1cil llegar hasta esta comunidad agraciada por la naturaleza. Un lugar que est\u00e1 entre sierras y monta\u00f1as. Bajo un cielo que se cae de azul y nubes blancas protectoras.<\/p>\n\n\n\n<p>Y en donde, una vez m\u00e1s se hace cierta la frase que el cura Francisco de Navarrete expres\u00f3 al conocer Oaxaca durante los primeros a\u00f1os de la conquista: \u201cHay en Oaxaca, una luz resplandeciente que hace brillar la cara de los cielos\u201d. Y ah\u00ed en Yal\u00e1lag est\u00e1 esa mism\u00edsima luz, y esa mism\u00edsima gente cargada de cordialidad y bonhom\u00eda.<\/p>\n\n\n\n<p>La salida de San Sebasti\u00e1n Tutla, en Oaxaca, fue a las 6 de la ma\u00f1ana en una traves\u00eda comandada por don Eleazar Dom\u00ednguez y su equipo. Un viaje de tres horas y media cargado de alegr\u00eda, pero tambi\u00e9n alg\u00fan sobresalto. Apareci\u00f3 de pronto Yal\u00e1lag, mirando a los viajeros y mirando expectante a quienes ser\u00edan testigos de la buena nueva. Lo que es de Yal\u00e1lag es de Yal\u00e1lag.<\/p>\n\n\n\n<p>Con la dignidad propia de los oaxaque\u00f1os, se recibi\u00f3 a los representantes de Adidas M\u00e9xico con cordialidad y buen decir: Decir que se aceptan las disculpas ofrecidas y se acepta la presencia de los representantes de la empresa que llegaron en buen modo y en buen talante.<\/p>\n\n\n\n<p>Se extra\u00f1\u00f3, acaso, que en las alocuciones no interviniera un \u201chuarachero\u201d artista, quienes fueron, a fin de cuentas los agraviados y a quienes se ofrecen disculpas. Pero ah\u00ed estaban, tambi\u00e9n contentos y cargados de la ilusi\u00f3n por seguir calzando a su gente, calzando su vida, calzando el futuro. Son ellos los que hacen de su vida una obra de arte puesta a los pies de todos.<\/p>\n\n\n\n<p>\u00bfQu\u00e9 sigue ahora? Convivir con nuestros paisanos yalaltecas. Bailar con ellos. Tomar un mezcal con ellos, brindar por ellos y decirles que no est\u00e1n solos, que todos los oaxaque\u00f1os somos una guelaguetza viviente, los de la solidaridad, los del abrazo completo y los de la mano extendida para saludar y para decir: Gracias, muchas gracias, Yal\u00e1lag y a su gente, toda ella.<\/p>\n\n\n\n<p>*Periodista oaxaque\u00f1o. Informaci\u00f3n tomada del sitio \u201c\u00cdndice Pol\u00edtico\u201d.<\/p>\n","protected":false},"excerpt":{"rendered":"<p>Joel Hern\u00e1ndez Santiago* Ah\u00ed est\u00e1 la Villa Hidalgo Yal\u00e1lag, pl\u00e1cida en su lejan\u00eda y en&hellip;<\/p>\n","protected":false},"author":2,"featured_media":83837,"comment_status":"closed","ping_status":"open","sticky":false,"template":"","format":"standard","meta":{"_lmt_disableupdate":"","_lmt_disable":"","_jetpack_memberships_contains_paid_content":false,"footnotes":""},"categories":[109,47],"tags":[2356],"class_list":["post-83836","post","type-post","status-publish","format-standard","has-post-thumbnail","hentry","category-minuto-a-minuto","category-zona-gris","tag-villa-hidalgo-yalalag"],"jetpack_featured_media_url":"https:\/\/zonaroja.com.mx\/wp-content\/uploads\/2025\/08\/Recibe-Villa-Hidalgo-Yalalag-disculpa-publica-de-Adidas-por-plagio-del-diseno-de-su-huarache-1.jpg","jetpack_sharing_enabled":true,"_links":{"self":[{"href":"https:\/\/zonaroja.com.mx\/index.php?rest_route=\/wp\/v2\/posts\/83836","targetHints":{"allow":["GET"]}}],"collection":[{"href":"https:\/\/zonaroja.com.mx\/index.php?rest_route=\/wp\/v2\/posts"}],"about":[{"href":"https:\/\/zonaroja.com.mx\/index.php?rest_route=\/wp\/v2\/types\/post"}],"author":[{"embeddable":true,"href":"https:\/\/zonaroja.com.mx\/index.php?rest_route=\/wp\/v2\/users\/2"}],"replies":[{"embeddable":true,"href":"https:\/\/zonaroja.com.mx\/index.php?rest_route=%2Fwp%2Fv2%2Fcomments&post=83836"}],"version-history":[{"count":1,"href":"https:\/\/zonaroja.com.mx\/index.php?rest_route=\/wp\/v2\/posts\/83836\/revisions"}],"predecessor-version":[{"id":83838,"href":"https:\/\/zonaroja.com.mx\/index.php?rest_route=\/wp\/v2\/posts\/83836\/revisions\/83838"}],"wp:featuredmedia":[{"embeddable":true,"href":"https:\/\/zonaroja.com.mx\/index.php?rest_route=\/wp\/v2\/media\/83837"}],"wp:attachment":[{"href":"https:\/\/zonaroja.com.mx\/index.php?rest_route=%2Fwp%2Fv2%2Fmedia&parent=83836"}],"wp:term":[{"taxonomy":"category","embeddable":true,"href":"https:\/\/zonaroja.com.mx\/index.php?rest_route=%2Fwp%2Fv2%2Fcategories&post=83836"},{"taxonomy":"post_tag","embeddable":true,"href":"https:\/\/zonaroja.com.mx\/index.php?rest_route=%2Fwp%2Fv2%2Ftags&post=83836"}],"curies":[{"name":"wp","href":"https:\/\/api.w.org\/{rel}","templated":true}]}}