{"id":8385,"date":"2020-02-04T07:22:52","date_gmt":"2020-02-04T13:22:52","guid":{"rendered":"http:\/\/www.zonaroja.com.mx\/?p=8385"},"modified":"2020-02-04T07:34:43","modified_gmt":"2020-02-04T13:34:43","slug":"cumple-tres-dias-de-desaparecida-una-joven-en-playa-de-salina-cruz","status":"publish","type":"post","link":"https:\/\/zonaroja.com.mx\/?p=8385","title":{"rendered":"Cumple tres d\u00edas de desaparecida una joven en playa de Salina Cruz"},"content":{"rendered":"\n<p>A tres d\u00edas de la desaparici\u00f3n en aguas\nmar\u00edtimas de Salina Cruz, a\u00fan no ha sido localizada la joven que ingres\u00f3 a\nnadar, en inmediaciones de playa \u201cPunta Conejo\u201d, junto con otras de sus tres\namigas.<\/p>\n\n\n\n<p>Se trata de Marcela Silva Espinosa, de\n21 a\u00f1os de edad, quien el s\u00e1bado por la tarde junto con tres de sus amigas acudi\u00f3\na divertirse y a nadar; sin embargo, ella presuntamente fue arrastrada por las\nolas, debido al mal temporal.<\/p>\n\n\n\n<p>Ese mismo s\u00e1bado noche comenz\u00f3 la\nb\u00fasqueda pero debido a la oscuridad, se suspendi\u00f3, reanud\u00e1ndose el domingo, con\napoyo de personal de la Secretar\u00eda de Marina.<\/p>\n\n\n\n<p>Pero de nuevo se detuvo el operativo\ndebido a fuertes olas y vientos en la zona; ayer lunes nuevamente se realizaron\noperativos de b\u00fasqueda pero hasta el momento no ha sido posible localizarla.<\/p>\n\n\n\n<p>Al momento de desaparecer, Marcela\nSilvia vest\u00eda un sost\u00e9n verde lim\u00f3n con adornos rosas y un short de licra color\nnegro; iba con sus amigas Karina, Karla y Joselyn.<\/p>\n","protected":false},"excerpt":{"rendered":"<p>A tres d\u00edas de la desaparici\u00f3n en aguas mar\u00edtimas de Salina Cruz, a\u00fan no ha&hellip;<\/p>\n","protected":false},"author":2,"featured_media":8387,"comment_status":"closed","ping_status":"open","sticky":false,"template":"","format":"standard","meta":{"_lmt_disableupdate":"","_lmt_disable":"","_jetpack_memberships_contains_paid_content":false,"footnotes":""},"categories":[109,47],"tags":[1341,168],"class_list":["post-8385","post","type-post","status-publish","format-standard","has-post-thumbnail","hentry","category-minuto-a-minuto","category-zona-gris","tag-marcela-silva-espinosa","tag-salina-cruz"],"jetpack_featured_media_url":"https:\/\/zonaroja.com.mx\/wp-content\/uploads\/2020\/02\/Marcela-Silva-Espinosa-Salina-Cruz.jpg","jetpack_sharing_enabled":true,"_links":{"self":[{"href":"https:\/\/zonaroja.com.mx\/index.php?rest_route=\/wp\/v2\/posts\/8385","targetHints":{"allow":["GET"]}}],"collection":[{"href":"https:\/\/zonaroja.com.mx\/index.php?rest_route=\/wp\/v2\/posts"}],"about":[{"href":"https:\/\/zonaroja.com.mx\/index.php?rest_route=\/wp\/v2\/types\/post"}],"author":[{"embeddable":true,"href":"https:\/\/zonaroja.com.mx\/index.php?rest_route=\/wp\/v2\/users\/2"}],"replies":[{"embeddable":true,"href":"https:\/\/zonaroja.com.mx\/index.php?rest_route=%2Fwp%2Fv2%2Fcomments&post=8385"}],"version-history":[{"count":1,"href":"https:\/\/zonaroja.com.mx\/index.php?rest_route=\/wp\/v2\/posts\/8385\/revisions"}],"predecessor-version":[{"id":8386,"href":"https:\/\/zonaroja.com.mx\/index.php?rest_route=\/wp\/v2\/posts\/8385\/revisions\/8386"}],"wp:featuredmedia":[{"embeddable":true,"href":"https:\/\/zonaroja.com.mx\/index.php?rest_route=\/wp\/v2\/media\/8387"}],"wp:attachment":[{"href":"https:\/\/zonaroja.com.mx\/index.php?rest_route=%2Fwp%2Fv2%2Fmedia&parent=8385"}],"wp:term":[{"taxonomy":"category","embeddable":true,"href":"https:\/\/zonaroja.com.mx\/index.php?rest_route=%2Fwp%2Fv2%2Fcategories&post=8385"},{"taxonomy":"post_tag","embeddable":true,"href":"https:\/\/zonaroja.com.mx\/index.php?rest_route=%2Fwp%2Fv2%2Ftags&post=8385"}],"curies":[{"name":"wp","href":"https:\/\/api.w.org\/{rel}","templated":true}]}}