{"id":83851,"date":"2025-08-24T07:45:00","date_gmt":"2025-08-24T13:45:00","guid":{"rendered":"https:\/\/zonaroja.com.mx\/?p=83851"},"modified":"2025-08-24T06:04:51","modified_gmt":"2025-08-24T12:04:51","slug":"vinculan-a-proceso-a-julio-cesar-chavez-jr-pero-llevara-proceso-en-libertad","status":"publish","type":"post","link":"https:\/\/zonaroja.com.mx\/?p=83851","title":{"rendered":"Vinculan a proceso a Julio C\u00e9sar Ch\u00e1vez Jr., pero llevar\u00e1 proceso en libertad"},"content":{"rendered":"\n<p>Redacci\u00f3n\/Zona Roja Cdmx.<\/p>\n\n\n\n<p>Ciudad de M\u00e9xico, a 24 de agosto de 2025.- Un juez federal vincul\u00f3 a proceso a Julio C\u00e9sar Ch\u00e1vez Jr. por su probable participaci\u00f3n en el delito de delincuencia organizada con la finalidad de traficar armas tras se\u00f1alamientos de presuntos nexos con el C\u00e1rtel de Sinaloa.<\/p>\n\n\n\n<p>De acuerdo con los reportes, el juez federal Enrique Hern\u00e1ndez Miranda formul\u00f3 imputaci\u00f3n en contra del boxeador en la audiencia celebrada en el Centro de Justicia Federal Penal en Hermosillo, Sonora, la cual se realiz\u00f3 de manera virtual.<\/p>\n\n\n\n<p>Esta medida se tom\u00f3 luego de que la directora del Centro Federal de Readaptaci\u00f3n Social (Cefereso) No. 11 solicit\u00f3 mediante un oficio al juez de control que la audiencia de Julio C\u00e9sar Ch\u00e1vez Jr. se realizara a distancia por un tema de seguridad.<\/p>\n\n\n\n<p>El juez tambi\u00e9n determin\u00f3 que Ch\u00e1vez enfrentar\u00e1 su proceso en libertad, por lo que se espera que en las pr\u00f3ximas horas abandone las instalaciones del Cefereso de Hermosillo.<\/p>\n\n\n\n<p>Durante la audiencia se aportaron m\u00e1s de 20 datos de prueba de la probable participaci\u00f3n del boxeador en el delito del que se le acusa, de los cuales, la defensa afirm\u00f3 que al menos 9 carecen de sustento.<\/p>\n\n\n\n<p>De acuerdo con los reportes, Ch\u00e1vez no podr\u00e1 salir del pa\u00eds mientras se realizan las investigaciones; sin embargo, su defensa afirm\u00f3 que en caso de requerirlo por sus actividades como boxeador s\u00ed lo podr\u00eda solicitar.<\/p>\n\n\n\n<p>El juez determin\u00f3 que la segunda audiencia de Julio C\u00e9sar Ch\u00e1vez Jr. para la investigaci\u00f3n complementaria se realice el pr\u00f3ximo lunes 24 de noviembre.<\/p>\n\n\n\n<p>Julio C\u00e9sar Ch\u00e1vez Jr. fue detenido el pasado 2 de julio en California, Estados Unidos, por problemas migratorios tras solicitar la residencia permanente basado en su matrimonio con Frida Mu\u00f1oz, expareja sentimental de \u00c9dgar Guzm\u00e1n, hijo de \u201cEl Chapo\u201d.<\/p>\n\n\n\n<p>El Departamento de Seguridad de los Estados Unidos inform\u00f3 que en su solicitud se detectaron \u201cm\u00faltiples declaraciones fraudulentas\u201d, por lo que determinaron su estancia ilegal y procedieron con su deportaci\u00f3n.<\/p>\n\n\n\n<p>Sin embargo, las autoridades estadounidenses tambi\u00e9n se\u00f1alaron al boxeador de tener presuntos nexos con el C\u00e1rtel de Sinaloa y detallaron que contaba con una orden de aprehensi\u00f3n vigente en su contra por crimen organizado y tr\u00e1fico de armas en M\u00e9xico.<\/p>\n\n\n\n<p>M\u00e1s tarde, la Fiscal\u00eda General de la Rep\u00fablica (FGR) confirm\u00f3 que desde el a\u00f1o 2023 se emiti\u00f3 una orden de aprehensi\u00f3n en contra del boxeador por los delitos de tr\u00e1fico de armas y delincuencia organizada.<\/p>\n\n\n\n<p>El pasado lunes 18 de agosto fue deportado a M\u00e9xico a trav\u00e9s del puerto de entrada de Nogales, Arizona, por lo que fue recluido en el Cefereso No. 11 de Hermosillo, Sonora.<\/p>\n\n\n\n<p>(Informaci\u00f3n de Infobae M\u00e9xico)<\/p>\n","protected":false},"excerpt":{"rendered":"<p>Redacci\u00f3n\/Zona Roja Cdmx. Ciudad de M\u00e9xico, a 24 de agosto de 2025.- Un juez federal&hellip;<\/p>\n","protected":false},"author":2,"featured_media":83852,"comment_status":"closed","ping_status":"open","sticky":false,"template":"","format":"standard","meta":{"_lmt_disableupdate":"","_lmt_disable":"","_jetpack_memberships_contains_paid_content":false,"footnotes":""},"categories":[109,47],"tags":[4353],"class_list":["post-83851","post","type-post","status-publish","format-standard","has-post-thumbnail","hentry","category-minuto-a-minuto","category-zona-gris","tag-julio-cesar-chavez-jr"],"jetpack_featured_media_url":"https:\/\/zonaroja.com.mx\/wp-content\/uploads\/2025\/08\/Julio-Cesar-Chavez-Jr.jpg","jetpack_sharing_enabled":true,"_links":{"self":[{"href":"https:\/\/zonaroja.com.mx\/index.php?rest_route=\/wp\/v2\/posts\/83851","targetHints":{"allow":["GET"]}}],"collection":[{"href":"https:\/\/zonaroja.com.mx\/index.php?rest_route=\/wp\/v2\/posts"}],"about":[{"href":"https:\/\/zonaroja.com.mx\/index.php?rest_route=\/wp\/v2\/types\/post"}],"author":[{"embeddable":true,"href":"https:\/\/zonaroja.com.mx\/index.php?rest_route=\/wp\/v2\/users\/2"}],"replies":[{"embeddable":true,"href":"https:\/\/zonaroja.com.mx\/index.php?rest_route=%2Fwp%2Fv2%2Fcomments&post=83851"}],"version-history":[{"count":1,"href":"https:\/\/zonaroja.com.mx\/index.php?rest_route=\/wp\/v2\/posts\/83851\/revisions"}],"predecessor-version":[{"id":83853,"href":"https:\/\/zonaroja.com.mx\/index.php?rest_route=\/wp\/v2\/posts\/83851\/revisions\/83853"}],"wp:featuredmedia":[{"embeddable":true,"href":"https:\/\/zonaroja.com.mx\/index.php?rest_route=\/wp\/v2\/media\/83852"}],"wp:attachment":[{"href":"https:\/\/zonaroja.com.mx\/index.php?rest_route=%2Fwp%2Fv2%2Fmedia&parent=83851"}],"wp:term":[{"taxonomy":"category","embeddable":true,"href":"https:\/\/zonaroja.com.mx\/index.php?rest_route=%2Fwp%2Fv2%2Fcategories&post=83851"},{"taxonomy":"post_tag","embeddable":true,"href":"https:\/\/zonaroja.com.mx\/index.php?rest_route=%2Fwp%2Fv2%2Ftags&post=83851"}],"curies":[{"name":"wp","href":"https:\/\/api.w.org\/{rel}","templated":true}]}}