{"id":83857,"date":"2025-08-24T09:11:00","date_gmt":"2025-08-24T15:11:00","guid":{"rendered":"https:\/\/zonaroja.com.mx\/?p=83857"},"modified":"2025-08-24T06:16:43","modified_gmt":"2025-08-24T12:16:43","slug":"inauguran-en-oaxaca-la-exposicion-de-la-xx-bienal-de-pintura-rufino-tamayo","status":"publish","type":"post","link":"https:\/\/zonaroja.com.mx\/?p=83857","title":{"rendered":"Inauguran en Oaxaca la exposici\u00f3n de la XX Bienal de Pintura Rufino Tamayo"},"content":{"rendered":"\n<p>Redacci\u00f3n\/Zona Roja.&nbsp;<\/p>\n\n\n\n<p>Oaxaca, Oax., a 24 de agosto de 2025.- La vig\u00e9sima edici\u00f3n de la Bienal de Pintura Rufino Tamayo lleg\u00f3 a la entidad para presentarse en el Museo de Arte Contempor\u00e1neo y de las Culturas Oaxaque\u00f1as (MACCO) con 40 obras seleccionadas mediante una convocatoria abierta a nivel nacional.<\/p>\n\n\n\n<p>Esta actividad ofrece un panorama representativo de la producci\u00f3n pict\u00f3rica actual en su diversidad est\u00e9tica, conceptual y t\u00e9cnica. Cabe destacar que, desde su creaci\u00f3n en 1982, la muestra ha contribuido a visibilizar y proyectar el desarrollo de la pintura contempor\u00e1nea nacional.<\/p>\n\n\n\n<p>La exposici\u00f3n es presentada por la Secretar\u00eda de Cultura del Gobierno de M\u00e9xico, a trav\u00e9s del Instituto Nacional de Bellas Artes y Literatura (INBAL) y el Museo Tamayo Arte Contempor\u00e1neo, as\u00ed como la Secretar\u00eda de las Culturas y Artes de Oaxaca, y el MACCO.<\/p>\n\n\n\n<p>Durante la ceremonia inaugural, el titular de la Secretar\u00eda de las Culturas y Artes de Oaxaca (Seculta), Flavio Sosa Villavicencio, destac\u00f3 que esta muestra \u201cevidencia el dinamismo, la fuerza y la diversidad de la pintura mexicana actual, al tiempo que refleja las m\u00faltiples realidades que atraviesa nuestra sociedad\u201d.<\/p>\n\n\n\n<p>Asimismo, reiter\u00f3 el compromiso de la entidad oaxaque\u00f1a con la promoci\u00f3n de las artes visuales y el fortalecimiento de espacios culturales que nutren el pensamiento cr\u00edtico y el di\u00e1logo colectivo.<\/p>\n\n\n\n<p>Las obras seleccionadas capturan tensiones y reflexiones que van desde lo introspectivo hasta lo estructural, abordando la memoria, las identidades locales, las narrativas del territorio, la violencia social y simb\u00f3lica, las crisis ecol\u00f3gicas y las relaciones afectivas con la naturaleza.<\/p>\n\n\n\n<p>Por decisi\u00f3n del jurado, los tres premios de adquisici\u00f3n se otorgaron a: Jos\u00e9 Gonzalo Garc\u00eda Mu\u00f1oz de Puebla, por su obra \u201cEl desfile del salvaje hacia un futuro\u201d; Javier Pel\u00e1ez de la Ciudad de M\u00e9xico, por la pieza \u201cLa Ralla II\u201d (duermevela), y Othiana Roffiel S\u00e1nchez, tambi\u00e9n de la capital del pa\u00eds por \u201cMirage\u201d. Estas obras ahora formar\u00e1n parte del acervo del MACCO.<\/p>\n\n\n\n<p>A ellas se suman cinco menciones honor\u00edficas: cuatro artistas de la Ciudad de M\u00e9xico quienes son Laura Meza Orozco, con \u201cSin t\u00edtulo\u201d (\u201cJard\u00edn de las delicias I-Transpintura\u201d); Octavio Moctezuma, por \u201cInterocepci\u00f3n 13\u201d; Francisco Mu\u00f1oz, por \u201cEl sol cuando es de noche\u201d; Israel Uribe Merino, con \u201cLa repartici\u00f3n del pastel\u201d y Daniela Ram\u00edrez Gonz\u00e1lez de Jalisco, por \u201cFuegos Artificiales\u201d.<\/p>\n\n\n\n<p>La muestra estar\u00e1 abierta al p\u00fablico hasta el 19 de octubre en el MACCO, para despu\u00e9s viajar al Museo Tamayo Arte Contempor\u00e1neo, en la Ciudad de M\u00e9xico, donde continuar\u00e1 el di\u00e1logo con p\u00fablicos diversos y fortalecer\u00e1 su papel como plataforma de reflexi\u00f3n y proyecci\u00f3n del arte nacional.<\/p>\n","protected":false},"excerpt":{"rendered":"<p>Redacci\u00f3n\/Zona Roja.&nbsp; Oaxaca, Oax., a 24 de agosto de 2025.- La vig\u00e9sima edici\u00f3n de la&hellip;<\/p>\n","protected":false},"author":2,"featured_media":83858,"comment_status":"closed","ping_status":"open","sticky":false,"template":"","format":"standard","meta":{"_lmt_disableupdate":"","_lmt_disable":"","_jetpack_memberships_contains_paid_content":false,"footnotes":""},"categories":[109,46],"tags":[3368],"class_list":["post-83857","post","type-post","status-publish","format-standard","has-post-thumbnail","hentry","category-minuto-a-minuto","category-zona-blanca","tag-secretaria-de-las-culturas-seculta"],"jetpack_featured_media_url":"https:\/\/zonaroja.com.mx\/wp-content\/uploads\/2025\/08\/Bienal-Rufino-Tamayo-Seculta.jpeg","jetpack_sharing_enabled":true,"_links":{"self":[{"href":"https:\/\/zonaroja.com.mx\/index.php?rest_route=\/wp\/v2\/posts\/83857","targetHints":{"allow":["GET"]}}],"collection":[{"href":"https:\/\/zonaroja.com.mx\/index.php?rest_route=\/wp\/v2\/posts"}],"about":[{"href":"https:\/\/zonaroja.com.mx\/index.php?rest_route=\/wp\/v2\/types\/post"}],"author":[{"embeddable":true,"href":"https:\/\/zonaroja.com.mx\/index.php?rest_route=\/wp\/v2\/users\/2"}],"replies":[{"embeddable":true,"href":"https:\/\/zonaroja.com.mx\/index.php?rest_route=%2Fwp%2Fv2%2Fcomments&post=83857"}],"version-history":[{"count":1,"href":"https:\/\/zonaroja.com.mx\/index.php?rest_route=\/wp\/v2\/posts\/83857\/revisions"}],"predecessor-version":[{"id":83859,"href":"https:\/\/zonaroja.com.mx\/index.php?rest_route=\/wp\/v2\/posts\/83857\/revisions\/83859"}],"wp:featuredmedia":[{"embeddable":true,"href":"https:\/\/zonaroja.com.mx\/index.php?rest_route=\/wp\/v2\/media\/83858"}],"wp:attachment":[{"href":"https:\/\/zonaroja.com.mx\/index.php?rest_route=%2Fwp%2Fv2%2Fmedia&parent=83857"}],"wp:term":[{"taxonomy":"category","embeddable":true,"href":"https:\/\/zonaroja.com.mx\/index.php?rest_route=%2Fwp%2Fv2%2Fcategories&post=83857"},{"taxonomy":"post_tag","embeddable":true,"href":"https:\/\/zonaroja.com.mx\/index.php?rest_route=%2Fwp%2Fv2%2Ftags&post=83857"}],"curies":[{"name":"wp","href":"https:\/\/api.w.org\/{rel}","templated":true}]}}