{"id":83860,"date":"2025-08-24T10:00:00","date_gmt":"2025-08-24T16:00:00","guid":{"rendered":"https:\/\/zonaroja.com.mx\/?p=83860"},"modified":"2025-08-24T06:21:51","modified_gmt":"2025-08-24T12:21:51","slug":"organizaciones-condenan-violencia-contra-periodista-en-tamaulipas","status":"publish","type":"post","link":"https:\/\/zonaroja.com.mx\/?p=83860","title":{"rendered":"Organizaciones condenan violencia contra periodista en Tamaulipas"},"content":{"rendered":"\n<p>Redacci\u00f3n\/Zona Roja Cdmx.<\/p>\n\n\n\n<p>Ciudad de M\u00e9xico, a 24 de agosto de 2025.- Art\u00edculo 19 Oficina Regional M\u00e9xico y Centroam\u00e9rica y Comunicaci\u00f3n e Informaci\u00f3n de la Mujer A.C. (CIMAC) condenan las amenazas de muerte, el hostigamiento digital, la exposici\u00f3n de datos personales (\u201cdoxxing\u201d) y la campa\u00f1a de desprestigio contra la periodista Shalma Castillo, en represalia por una serie de investigaciones publicadas en el medio Art\u00edculo 7 sobre corrupci\u00f3n y v\u00ednculos del gobierno de Tamaulipas con una persona recientemente extraditada a Estados Unidos por narcotr\u00e1fico.<\/p>\n\n\n\n<p>El 13 de agosto de 2025, Shalma Castillo public\u00f3 la investigaci\u00f3n \u201cProveedor de obras de gobierno de Tamaulipas, entre los extraditados a EU por narcotr\u00e1fico\u201d. En \u00e9sta, revel\u00f3 que la Secretar\u00eda de Obras P\u00fablicas asign\u00f3 contratos a una empresa vinculada con Jos\u00e9 Francisco Mendoza G\u00f3mez, alias \u201cYiyo\u201d, uno de los 26 hombres extraditados a Estados Unidos por narcotr\u00e1fico en 2025.<\/p>\n\n\n\n<p>En los d\u00edas siguientes, ampli\u00f3 la investigaci\u00f3n con dos notas adicionales que confirmaban la participaci\u00f3n de Mendoza en tr\u00e1mites oficiales y las contradicciones del propio gobierno estatal, se\u00f1alando incluso al secretario de Obras P\u00fablicas, Pedro Cepeda Anaya. Al exponer posibles actos de corrupci\u00f3n y nexos con el crimen organizado, los reportajes generaron un fuerte impacto p\u00fablico y desataron una ola de represalias que hoy ponen en riesgo su vida e integridad.<\/p>\n\n\n\n<p>ESCALAN AGRESIONES<\/p>\n\n\n\n<p>Tras estas publicaciones, Shalma recibi\u00f3 amenazas de muerte en redes sociales, incluyendo mensajes como \u201csus horas est\u00e1n contadas\u201d.&nbsp;<\/p>\n\n\n\n<p>Tambi\u00e9n fue v\u00edctima de \u201cdoxxing\u201d, al difundirse ilegalmente su INE y su domicilio. Posteriormente, sufri\u00f3 un ataque de hostigamiento digital masivo, con cientos de mensajes y llamadas que inutilizaron su tel\u00e9fono.&nbsp;<\/p>\n\n\n\n<p>La propia compa\u00f1\u00eda de telefon\u00eda inform\u00f3 a la periodista que su l\u00ednea hab\u00eda sido comprometida, lo que le impidi\u00f3 incluso comunicarse con los servicios de emergencia. Asimismo, especialistas de la organizaci\u00f3n SocialTIC confirmaron que se trat\u00f3 de un ataque de denegaci\u00f3n de servicio (DoS) a su l\u00ednea.<\/p>\n\n\n\n<p>De forma paralela, enfrent\u00f3 una campa\u00f1a de difamaci\u00f3n y criminalizaci\u00f3n, donde se le vincul\u00f3 con el narcotraficante investigado en diversos medios locales.&nbsp;<\/p>\n\n\n\n<p>Las intimidaciones trascendieron el espacio digital y se materializaron en el \u00e1mbito f\u00edsico: las c\u00e1maras de seguridad de su domicilio dejaron de operar de manera repentina.&nbsp;<\/p>\n\n\n\n<p>La periodista expres\u00f3 preocupaci\u00f3n a estas organizaciones ya que observ\u00f3 a personas con chalecos de Morena Tamaulipas afuera de su vivienda, tomando fotograf\u00edas, interrogando a vecinos y registrando informaci\u00f3n del entorno el mismo d\u00eda que sus c\u00e1maras fallaron.<\/p>\n\n\n\n<p>OMISI\u00d3N INSTITUCIONAL<\/p>\n\n\n\n<p>El 18 de agosto, Shalma present\u00f3 una denuncia formal ante la Fiscal\u00eda Especializada en Delitos contra la Libertad de Expresi\u00f3n (FEADLE); sin embargo, no ha recibido informaci\u00f3n sobre el inicio o avance de la investigaci\u00f3n ni se le han otorgado medidas urgentes de protecci\u00f3n.&nbsp;<\/p>\n\n\n\n<p>Por su parte, el Mecanismo de Protecci\u00f3n para Personas Defensoras de Derechos Humanos y Periodistas inici\u00f3 su proceso de incorporaci\u00f3n, pero no ha adoptado ninguna acci\u00f3n o medida de protecci\u00f3n, manteni\u00e9ndola en una situaci\u00f3n de riesgo extremo.<\/p>\n\n\n\n<p>La Corte Interamericana de Derechos Humanos ha se\u00f1alado que \u201cel ejercicio period\u00edstico s\u00f3lo puede efectuarse libremente cuando las personas que lo realizan no son v\u00edctimas de amenazas ni de agresiones f\u00edsicas, ps\u00edquicas o morales u otros actos de hostigamiento [y que] esos actos constituyen serios obst\u00e1culos para el pleno ejercicio de la libertad de expresi\u00f3n\u201d.&nbsp;<\/p>\n\n\n\n<p>En el mismo sentido, la Comisi\u00f3n Interamericana de Derechos Humanos (CIDH) ha establecido que los Estados tienen la obligaci\u00f3n de proteger a periodistas frente a riesgos reales e inminentes, adoptando medidas concretas, eficaces y sensibles al g\u00e9nero de la persona periodista y a sus circunstancias individuales.<\/p>\n\n\n\n<p>Las organizaciones firmantes reiteran que el periodismo de investigaci\u00f3n es esencial para la democracia, la rendici\u00f3n de cuentas y el combate a la corrupci\u00f3n, y que ninguna periodista debe ser atacada por ejercer su derecho a informar.<\/p>\n\n\n\n<p>En vista de lo anterior, Art\u00edculo 19 \u00a0y CIMAC exigen:<\/p>\n\n\n\n<p>A la FEADLE, realizar una investigaci\u00f3n pronta, exhaustiva e imparcial que identifique y sancione a los autores materiales e intelectuales de las agresiones.<\/p>\n\n\n\n<p>Al Mecanismo Federal de Protecci\u00f3n, otorgar medidas urgentes, efectivas e integrales que garanticen la seguridad de Shalma Castillo y su familia.<\/p>\n\n\n\n<p>Al Gobierno del Estado de Tamaulipas, cesar toda forma de hostigamiento, abstenerse de estigmatizar o criminalizar a la periodista y garantizar el libre ejercicio de la labor period\u00edstica en la entidad.<\/p>\n","protected":false},"excerpt":{"rendered":"<p>Redacci\u00f3n\/Zona Roja Cdmx. Ciudad de M\u00e9xico, a 24 de agosto de 2025.- Art\u00edculo 19 Oficina&hellip;<\/p>\n","protected":false},"author":2,"featured_media":83861,"comment_status":"closed","ping_status":"open","sticky":false,"template":"","format":"standard","meta":{"_lmt_disableupdate":"","_lmt_disable":"","_jetpack_memberships_contains_paid_content":false,"footnotes":""},"categories":[109,47],"tags":[4420,4421],"class_list":["post-83860","post","type-post","status-publish","format-standard","has-post-thumbnail","hentry","category-minuto-a-minuto","category-zona-gris","tag-periodismo-en-riesgo-mexico","tag-salma-castillo-tamaulipas"],"jetpack_featured_media_url":"https:\/\/zonaroja.com.mx\/wp-content\/uploads\/2025\/08\/Periodista-Salma-Castillo-en-riesgo-Tamaulipas.jpg","jetpack_sharing_enabled":true,"_links":{"self":[{"href":"https:\/\/zonaroja.com.mx\/index.php?rest_route=\/wp\/v2\/posts\/83860","targetHints":{"allow":["GET"]}}],"collection":[{"href":"https:\/\/zonaroja.com.mx\/index.php?rest_route=\/wp\/v2\/posts"}],"about":[{"href":"https:\/\/zonaroja.com.mx\/index.php?rest_route=\/wp\/v2\/types\/post"}],"author":[{"embeddable":true,"href":"https:\/\/zonaroja.com.mx\/index.php?rest_route=\/wp\/v2\/users\/2"}],"replies":[{"embeddable":true,"href":"https:\/\/zonaroja.com.mx\/index.php?rest_route=%2Fwp%2Fv2%2Fcomments&post=83860"}],"version-history":[{"count":1,"href":"https:\/\/zonaroja.com.mx\/index.php?rest_route=\/wp\/v2\/posts\/83860\/revisions"}],"predecessor-version":[{"id":83862,"href":"https:\/\/zonaroja.com.mx\/index.php?rest_route=\/wp\/v2\/posts\/83860\/revisions\/83862"}],"wp:featuredmedia":[{"embeddable":true,"href":"https:\/\/zonaroja.com.mx\/index.php?rest_route=\/wp\/v2\/media\/83861"}],"wp:attachment":[{"href":"https:\/\/zonaroja.com.mx\/index.php?rest_route=%2Fwp%2Fv2%2Fmedia&parent=83860"}],"wp:term":[{"taxonomy":"category","embeddable":true,"href":"https:\/\/zonaroja.com.mx\/index.php?rest_route=%2Fwp%2Fv2%2Fcategories&post=83860"},{"taxonomy":"post_tag","embeddable":true,"href":"https:\/\/zonaroja.com.mx\/index.php?rest_route=%2Fwp%2Fv2%2Ftags&post=83860"}],"curies":[{"name":"wp","href":"https:\/\/api.w.org\/{rel}","templated":true}]}}