{"id":83869,"date":"2025-08-24T13:00:00","date_gmt":"2025-08-24T19:00:00","guid":{"rendered":"https:\/\/zonaroja.com.mx\/?p=83869"},"modified":"2025-08-24T06:33:31","modified_gmt":"2025-08-24T12:33:31","slug":"opinion-uabjo-el-fantasma-del-verdadero-cambio","status":"publish","type":"post","link":"https:\/\/zonaroja.com.mx\/?p=83869","title":{"rendered":"Opini\u00f3n. UABJO: el fantasma del \u201cverdadero cambio\u201d"},"content":{"rendered":"\n<p>Isidoro Yescas*<\/p>\n\n\n\n<p>\u00bfA qu\u00e9 tipo de cambios har\u00e1 referencia el rector de la UABJO, Cristian Carre\u00f1o L\u00f3pez, cuando este lunes 25 de agosto presente ante el Consejo Universitario su tercer informe de actividades?&nbsp;<\/p>\n\n\n\n<p>Informe que, por cierto, debi\u00f3 presentarlo en el mes de mayo. Bueno, en su slogan publicitario, alude a \u00abtres a\u00f1os de un verdadero cambio en la Universidad.\u00bb&nbsp;<\/p>\n\n\n\n<p>Y el problema es que ese cambio no se observa por ning\u00fan lado, salvo en la regresi\u00f3n que ha representado que ya no se informe a la comunidad universitaria sobre el ejercicio de los subsidios federal y estatal as\u00ed como de los recursos extraordinarios, omisi\u00f3n que es posible documentarlo en su Segundo Informe de Actividades.&nbsp;<\/p>\n\n\n\n<p>Y no se diga de los recursos propios que ingresan tanto en la administraci\u00f3n central como en las escuelas y facultades por concepto de inscripciones, reinscripciones, ex\u00e1menes extraordinarios, titulaci\u00f3n, etc.&nbsp;<\/p>\n\n\n\n<p>O de los t\u00e9rminos administrativos y financieros para que la rector\u00eda a su cargo suscribiera en noviembre del 2024 convenio con la Fundaci\u00f3n Harp para ceder en comodato el estadio \u00abEduardo Vasconcelos\u00bb(dicho convenio hasta la fecha no se ha hecho p\u00fablico).&nbsp;<\/p>\n\n\n\n<p>O del por qu\u00e9 su Informe se va a rendir ante un Consejo Universitario cuya integraci\u00f3n ya es irregular, por no decir ilegal, pues buena parte de los consejeros(as) por la parte docente y estudiantil, ya est\u00e1n fuera del per\u00edodo legal por el cual fueron electos.<\/p>\n\n\n\n<p>Dedicado m\u00e1s a hacer pol\u00edtica dentro y fuera de la UABJO, primero para intentar asegurar un control de lealtades que ya se le va de las manos para la sucesi\u00f3n rectoral del 2026 y, segundo, para amarrar un \u00abhueso\u00bb dentro de la administraci\u00f3n primaveral porque dif\u00edcilmente el Gran Elector le regalar\u00eda la presidencia municipal de la ciudad de Oaxaca o una diputaci\u00f3n local, el rector Cristian Carre\u00f1o se despedir\u00e1 este lunes 25 de una comunidad universitaria que no lo eligi\u00f3 pues, recordemos, fue electo y reelecto para cerrar el ciclo de cuatro a\u00f1os, por el Consejo Universitario.&nbsp;<\/p>\n\n\n\n<p>Y ser\u00e1 la despedida porque el cuarto a\u00f1o de su periodo termina en mayo del 2026, cuando ya estar\u00e1 cantado el nombre de su sucesor o sucesora.<\/p>\n\n\n\n<p>*Maestro en Sociolog\u00eda y periodista.<\/p>\n\n\n\n<p>X: @YescasIsidoro<\/p>\n","protected":false},"excerpt":{"rendered":"<p>Isidoro Yescas* \u00bfA qu\u00e9 tipo de cambios har\u00e1 referencia el rector de la UABJO, Cristian&hellip;<\/p>\n","protected":false},"author":2,"featured_media":71623,"comment_status":"closed","ping_status":"open","sticky":false,"template":"","format":"standard","meta":{"_lmt_disableupdate":"","_lmt_disable":"","_jetpack_memberships_contains_paid_content":false,"footnotes":""},"categories":[456,109],"tags":[3998],"class_list":["post-83869","post","type-post","status-publish","format-standard","has-post-thumbnail","hentry","category-columna","category-minuto-a-minuto","tag-isidoro-yescas-martinez"],"jetpack_featured_media_url":"https:\/\/zonaroja.com.mx\/wp-content\/uploads\/2024\/08\/Opinion.-Isidoro-Yescas.jpg","jetpack_sharing_enabled":true,"_links":{"self":[{"href":"https:\/\/zonaroja.com.mx\/index.php?rest_route=\/wp\/v2\/posts\/83869","targetHints":{"allow":["GET"]}}],"collection":[{"href":"https:\/\/zonaroja.com.mx\/index.php?rest_route=\/wp\/v2\/posts"}],"about":[{"href":"https:\/\/zonaroja.com.mx\/index.php?rest_route=\/wp\/v2\/types\/post"}],"author":[{"embeddable":true,"href":"https:\/\/zonaroja.com.mx\/index.php?rest_route=\/wp\/v2\/users\/2"}],"replies":[{"embeddable":true,"href":"https:\/\/zonaroja.com.mx\/index.php?rest_route=%2Fwp%2Fv2%2Fcomments&post=83869"}],"version-history":[{"count":1,"href":"https:\/\/zonaroja.com.mx\/index.php?rest_route=\/wp\/v2\/posts\/83869\/revisions"}],"predecessor-version":[{"id":83870,"href":"https:\/\/zonaroja.com.mx\/index.php?rest_route=\/wp\/v2\/posts\/83869\/revisions\/83870"}],"wp:featuredmedia":[{"embeddable":true,"href":"https:\/\/zonaroja.com.mx\/index.php?rest_route=\/wp\/v2\/media\/71623"}],"wp:attachment":[{"href":"https:\/\/zonaroja.com.mx\/index.php?rest_route=%2Fwp%2Fv2%2Fmedia&parent=83869"}],"wp:term":[{"taxonomy":"category","embeddable":true,"href":"https:\/\/zonaroja.com.mx\/index.php?rest_route=%2Fwp%2Fv2%2Fcategories&post=83869"},{"taxonomy":"post_tag","embeddable":true,"href":"https:\/\/zonaroja.com.mx\/index.php?rest_route=%2Fwp%2Fv2%2Ftags&post=83869"}],"curies":[{"name":"wp","href":"https:\/\/api.w.org\/{rel}","templated":true}]}}