{"id":8388,"date":"2020-02-04T08:51:58","date_gmt":"2020-02-04T14:51:58","guid":{"rendered":"http:\/\/www.zonaroja.com.mx\/?p=8388"},"modified":"2020-02-04T08:52:01","modified_gmt":"2020-02-04T14:52:01","slug":"busca-fiscalia-a-8-desaparecidos-en-la-cuenca-desde-2019-este-ano-van-8","status":"publish","type":"post","link":"https:\/\/zonaroja.com.mx\/?p=8388","title":{"rendered":"Busca Fiscal\u00eda a 8 desaparecidos en la Cuenca desde 2019; este a\u00f1o van 8"},"content":{"rendered":"\n<p>Redacci\u00f3n\/Zona Roja.<\/p>\n\n\n\n<p>Oaxaca de Ju\u00e1rez, Oax., 4 de febrero de\n2020.- Yaritzi Garc\u00eda, de 17 a\u00f1os de edad, es la v\u00edctima de desaparici\u00f3n m\u00e1s\nreciente registrada en la regi\u00f3n de la Cuenca, seg\u00fan datos de la Unidad de\nB\u00fasqueda de Personas No Localizadas de la Fiscal\u00eda General del Estado, quien\nemiti\u00f3 este domingo 2 de febrero la ficha para su ubicaci\u00f3n.<\/p>\n\n\n\n<p>La adolecente fue vista por \u00faltima vez\nen el municipio de San Juan Bautista Tuxtepec desde el pasado 25 de enero, es\ndecir, con a m\u00e1s de una semana de los hechos.<\/p>\n\n\n\n<p>Pero no es el \u00fanico caso del que se\nexpone una ficha de b\u00fasqueda a varios d\u00edas de los hechos. Por la no\nlocalizaci\u00f3n de otra mujer de 28 a\u00f1os de edad, desde el 5 de enero, la unidad\nexpuso la b\u00fasqueda el 21 de enero, ocurrida tambi\u00e9n en el municipio de\nTuxtepec.<\/p>\n\n\n\n<p>En esa zona norte del estado, tambi\u00e9n\nse registr\u00f3 en enero de este a\u00f1o la desaparici\u00f3n de dos menores de edad m\u00e1s. Se\ntrat\u00f3 de una adolecente de 14 a\u00f1os en el municipio de Valle Nacional, vista por\n\u00faltima vez el 13 de enero y una m\u00e1s, de la misma edad y con la misma fecha, en\nLoma Bonita.<\/p>\n\n\n\n<p>La Fiscal\u00eda General del Estado public\u00f3\nen enero de este a\u00f1o la b\u00fasqueda de ocho hombres desaparecidos en distintos\nmunicipios de la regi\u00f3n de la Cuenca, entre los meses de octubre y diciembre.<\/p>\n\n\n\n<p>Las v\u00edctimas son varones que van de los\n21 a los 49 a\u00f1os de edad. El pasado 23 de octubre en San Juan Bautista Tuxtepec\nse vio por \u00faltima vez a Ulises Castro de 19 a\u00f1os de edad.<\/p>\n\n\n\n<p>En los casos recientes de b\u00fasqueda\ntambi\u00e9n se exhibe la fotograf\u00eda y los datos de Mart\u00edn Rosario Hip\u00f3lito, de 38\na\u00f1os edad, visto por \u00faltima vez el pasado 15 de octubre en la comunidad de\nArroyo Tigre, de San Miguel Soyaltepec.<\/p>\n\n\n\n<p>El 27 de octubre tambi\u00e9n desaparecieron\ndos varones m\u00e1s de 25 y 49 a\u00f1os de edad en San Pedro Ixcatl\u00e1n; El 29 de\nnoviembre desaparecieron dos hombres de 34 y 43 a\u00f1os edad, respectivamente, en\nAcatl\u00e1n de P\u00e9rez Figueroa.<\/p>\n\n\n\n<p>Las desapariciones continuaron a\nfinales del a\u00f1o, pues un joven de 21 a\u00f1os tambi\u00e9n fue reportado como\ndesaparecido el 22 de diciembre en San Felipe Jalapa de D\u00edaz, mientras que el\n11 de ese mes, otro var\u00f3n de 23 a\u00f1os en la comunidad de Cerro Armadillo Grande\nde Valle Nacional.<\/p>\n\n\n\n<p>La unidad de No Localizados lanz\u00f3 en\nenero la ficha para encontrar a un var\u00f3n de 38 a\u00f1os de edad desaparecido en la\ncolonia La Esperanza en septiembre de 2018.<\/p>\n\n\n\n<p>Este a\u00f1o, se han reportado como no\nlocalizados a cuatro hombres m\u00e1s en la Cuenca. El 6 de enero dos hombres fueron\nvistos por \u00faltima vez, uno en la colonia La Escobeta de Loma Bonita y el otro\nen colonias Las Flores en Tuxtepec.<\/p>\n\n\n\n<p>Adem\u00e1s, el 9 de enero un var\u00f3n de 32\na\u00f1os desapareci\u00f3 en la colonia Loma San Juan de San Pedro Ixcatl\u00e1n y el 22 de\nenero un adulto de 67 a\u00f1os de edad en la colonia El Progreso de Tuxtepec. Todas\nellas contin\u00faan sin la evidencia de localizados.<\/p>\n","protected":false},"excerpt":{"rendered":"<p>Redacci\u00f3n\/Zona Roja. Oaxaca de Ju\u00e1rez, Oax., 4 de febrero de 2020.- Yaritzi Garc\u00eda, de 17&hellip;<\/p>\n","protected":false},"author":2,"featured_media":8389,"comment_status":"closed","ping_status":"open","sticky":false,"template":"","format":"standard","meta":{"_lmt_disableupdate":"","_lmt_disable":"","_jetpack_memberships_contains_paid_content":false,"footnotes":""},"categories":[109,47],"tags":[1222],"class_list":["post-8388","post","type-post","status-publish","format-standard","has-post-thumbnail","hentry","category-minuto-a-minuto","category-zona-gris","tag-unidad-de-personas-desaparecidas-y-no-localizadas"],"jetpack_featured_media_url":"https:\/\/zonaroja.com.mx\/wp-content\/uploads\/2020\/02\/Desaparecidos-Cuenca.jpg","jetpack_sharing_enabled":true,"_links":{"self":[{"href":"https:\/\/zonaroja.com.mx\/index.php?rest_route=\/wp\/v2\/posts\/8388","targetHints":{"allow":["GET"]}}],"collection":[{"href":"https:\/\/zonaroja.com.mx\/index.php?rest_route=\/wp\/v2\/posts"}],"about":[{"href":"https:\/\/zonaroja.com.mx\/index.php?rest_route=\/wp\/v2\/types\/post"}],"author":[{"embeddable":true,"href":"https:\/\/zonaroja.com.mx\/index.php?rest_route=\/wp\/v2\/users\/2"}],"replies":[{"embeddable":true,"href":"https:\/\/zonaroja.com.mx\/index.php?rest_route=%2Fwp%2Fv2%2Fcomments&post=8388"}],"version-history":[{"count":1,"href":"https:\/\/zonaroja.com.mx\/index.php?rest_route=\/wp\/v2\/posts\/8388\/revisions"}],"predecessor-version":[{"id":8390,"href":"https:\/\/zonaroja.com.mx\/index.php?rest_route=\/wp\/v2\/posts\/8388\/revisions\/8390"}],"wp:featuredmedia":[{"embeddable":true,"href":"https:\/\/zonaroja.com.mx\/index.php?rest_route=\/wp\/v2\/media\/8389"}],"wp:attachment":[{"href":"https:\/\/zonaroja.com.mx\/index.php?rest_route=%2Fwp%2Fv2%2Fmedia&parent=8388"}],"wp:term":[{"taxonomy":"category","embeddable":true,"href":"https:\/\/zonaroja.com.mx\/index.php?rest_route=%2Fwp%2Fv2%2Fcategories&post=8388"},{"taxonomy":"post_tag","embeddable":true,"href":"https:\/\/zonaroja.com.mx\/index.php?rest_route=%2Fwp%2Fv2%2Ftags&post=8388"}],"curies":[{"name":"wp","href":"https:\/\/api.w.org\/{rel}","templated":true}]}}