{"id":83888,"date":"2025-08-25T09:15:00","date_gmt":"2025-08-25T15:15:00","guid":{"rendered":"https:\/\/zonaroja.com.mx\/?p=83888"},"modified":"2025-08-25T08:21:39","modified_gmt":"2025-08-25T14:21:39","slug":"agreden-a-mujer-detenida-en-salina-cruz-oaxaca","status":"publish","type":"post","link":"https:\/\/zonaroja.com.mx\/?p=83888","title":{"rendered":"Agreden a mujer detenida en Salina Cruz, Oaxaca"},"content":{"rendered":"\n<p>Raymundo Morales\/Zona Roja.<\/p>\n\n\n\n<p>Oaxaca, Oax., a 25 de agosto de 2025.- Una joven mujer fue agredida este domingo por polic\u00edas municipales de Salina Cruz, municipio de la regi\u00f3n Istmo de Tehuantepec, Oaxaca.<\/p>\n\n\n\n<p>La evidencia qued\u00f3 grabada en video y fotograf\u00edas que circulan a trav\u00e9s de las redes sociales.<\/p>\n\n\n\n<p>\u201cNo le debe debe de pegar, no le debe de pegar\u2026 \u00a1Ey, no le pegues, no le pegues, por qu\u00e9 le est\u00e1s pegando, porqu\u00e9 le est\u00e1s pegando, la se\u00f1ora est\u00e1 tranquila, se est\u00e1 subiendo, no te sientas superior!\u201d, fueron los gritos de ciudadanos.<\/p>\n\n\n\n<p>\u201cSi la est\u00e1n llevando, que la lleven, pero no se vale, no se sientan superior a uno\u201d, los reclamos cuando una uniformada peg\u00f3 manotazos y patadas a la femenina ya detenida.<\/p>\n\n\n\n<p>De inmediato, la autoridad municipal que preside Daniel M\u00e9ndez Sosa, emiti\u00f3 un comunicado:<\/p>\n\n\n\n<p>\u201cEn relaci\u00f3n con el video difundido esta tarde en redes sociales, donde se observa a una elemento de la Polic\u00eda Municipal de Salina Cruz agrediendo a una persona del sexo femenino ya detenida, en hechos ocurridos en la colonia San Pablo Sur, informamos a la ciudadan\u00eda lo siguiente:<\/p>\n\n\n\n<p>\u201c\ufeff\ufeffLa intervenci\u00f3n policial se dio tras un reporte ciudadano al 911, presuntamente realizado por una hija de la persona detenida, se\u00f1alando que \u00e9sta la habr\u00eda agredido con un arma blanca.<\/p>\n\n\n\n<p>\u201c\ufeff\ufeffLa actuaci\u00f3n registrada en video no corresponde a los protocolos de la Polic\u00eda Municipal y ser\u00e1 investigada conforme a los procedimientos institucionales.<\/p>\n\n\n\n<p>\u201c\ufeff\ufeffLa elemento ser\u00e1 suspendida temporalmente, mientras se realizan las investigaciones, y se corre el procedimiento de acuerdo al protocolo del Consejo de Honor y Justicia, para deslindar responsabilidades.<\/p>\n\n\n\n<p>\u201c\ufeff\ufeffSe actuar\u00e1 con apego a derecho y se dar\u00e1 a conocer a la ciudadan\u00eda la resoluci\u00f3n del Consejo de Honor y Justicia\u201d.<\/p>\n\n\n\n<p>\u201cEl Gobierno Municipal de Salina Cruz condena todo acto de abuso de autoridad, y reitera su compromiso con una corporaci\u00f3n policial profesional, capacitada y respetuosa de los derechos humanos\u201d.<\/p>\n\n\n\n<p>Cabe recordar que el pasado 19 de agosto se cumplieron tres a\u00f1os de la muerte de la joven madre Abigail H. U., tras ser detenida por polic\u00edas municipales y luego llevada a los separos, donde presuntamente se ahorc\u00f3 con su prenda \u00edntima\u2026 a una altura de un metro aproximadamente.<\/p>\n","protected":false},"excerpt":{"rendered":"<p>Raymundo Morales\/Zona Roja. Oaxaca, Oax., a 25 de agosto de 2025.- Una joven mujer fue&hellip;<\/p>\n","protected":false},"author":2,"featured_media":83889,"comment_status":"closed","ping_status":"open","sticky":false,"template":"","format":"standard","meta":{"_lmt_disableupdate":"","_lmt_disable":"","_jetpack_memberships_contains_paid_content":false,"footnotes":""},"categories":[109,47],"tags":[4050],"class_list":["post-83888","post","type-post","status-publish","format-standard","has-post-thumbnail","hentry","category-minuto-a-minuto","category-zona-gris","tag-violencia-en-salina-cruz"],"jetpack_featured_media_url":"https:\/\/zonaroja.com.mx\/wp-content\/uploads\/2025\/08\/Mujer-agredida-Salina-Cruz-Oaxaca.jpg","jetpack_sharing_enabled":true,"_links":{"self":[{"href":"https:\/\/zonaroja.com.mx\/index.php?rest_route=\/wp\/v2\/posts\/83888","targetHints":{"allow":["GET"]}}],"collection":[{"href":"https:\/\/zonaroja.com.mx\/index.php?rest_route=\/wp\/v2\/posts"}],"about":[{"href":"https:\/\/zonaroja.com.mx\/index.php?rest_route=\/wp\/v2\/types\/post"}],"author":[{"embeddable":true,"href":"https:\/\/zonaroja.com.mx\/index.php?rest_route=\/wp\/v2\/users\/2"}],"replies":[{"embeddable":true,"href":"https:\/\/zonaroja.com.mx\/index.php?rest_route=%2Fwp%2Fv2%2Fcomments&post=83888"}],"version-history":[{"count":1,"href":"https:\/\/zonaroja.com.mx\/index.php?rest_route=\/wp\/v2\/posts\/83888\/revisions"}],"predecessor-version":[{"id":83890,"href":"https:\/\/zonaroja.com.mx\/index.php?rest_route=\/wp\/v2\/posts\/83888\/revisions\/83890"}],"wp:featuredmedia":[{"embeddable":true,"href":"https:\/\/zonaroja.com.mx\/index.php?rest_route=\/wp\/v2\/media\/83889"}],"wp:attachment":[{"href":"https:\/\/zonaroja.com.mx\/index.php?rest_route=%2Fwp%2Fv2%2Fmedia&parent=83888"}],"wp:term":[{"taxonomy":"category","embeddable":true,"href":"https:\/\/zonaroja.com.mx\/index.php?rest_route=%2Fwp%2Fv2%2Fcategories&post=83888"},{"taxonomy":"post_tag","embeddable":true,"href":"https:\/\/zonaroja.com.mx\/index.php?rest_route=%2Fwp%2Fv2%2Ftags&post=83888"}],"curies":[{"name":"wp","href":"https:\/\/api.w.org\/{rel}","templated":true}]}}