{"id":83893,"date":"2025-08-25T10:25:00","date_gmt":"2025-08-25T16:25:00","guid":{"rendered":"https:\/\/zonaroja.com.mx\/?p=83893"},"modified":"2025-08-25T11:26:18","modified_gmt":"2025-08-25T17:26:18","slug":"opinion-verificentros-un-enorme-negocio-y-una-enorme-desastre","status":"publish","type":"post","link":"https:\/\/zonaroja.com.mx\/?p=83893","title":{"rendered":"Opini\u00f3n. Verificentros: un enorme negocio y un enorme desastre"},"content":{"rendered":"\n<p>Ismael Garc\u00eda M.\/Zona Roja.<\/p>\n\n\n\n<p>Oaxaca, Oax., a 25 de agosto de 2025.- A punto de terminar un mes de pr\u00f3rroga, miles de autom\u00f3viles realizan cotidianamente en Oaxaca largas filas para alcanzar un lugar, a fin de que se verifique su unidad de motor para que no emita una mayor cantidad de contaminantes.<\/p>\n\n\n\n<p>Pero al d\u00eda s\u00f3lo alcanzan la oportunidad 50 conductores, aunado a que se enfrentan a una p\u00e9sima y deficiente atenci\u00f3n, por lo que la tragedia social aumenta, sin que la autoridad correspondiente tome las medidas necesarias.<\/p>\n\n\n\n<p>\u00bfY la Secretar\u00eda del Medio Ambiente de la entidad? Ha optado por callar, por solapar un negocio millonario de particulares, pagado por el poseedor de un veh\u00edculo desde el inicio del a\u00f1o.<\/p>\n\n\n\n<p>Es cierto, la mayor\u00eda de quienes tienen una unidad de motor act\u00faan o actuaron con irresponsabilidad al no acudir a llevar su veh\u00edculo a la verificaci\u00f3n. <\/p>\n\n\n\n<p>Pero delicado tambi\u00e9n que el Gobierno del Estado amague con aplicar multas severas a quienes no cumplen con este requisito ambiental\u2026 sin dar las facilidades correspondientes.<\/p>\n\n\n\n<p>Para colmo, ya inici\u00f3 el segundo semestre del a\u00f1o, por el que el poseedor de un veh\u00edculo tendr\u00e1 que pagar m\u00e1s de 500 pesos de nueva cuenta, por un servicio que no sirve.<\/p>\n\n\n\n<p>\u00bfHa hecho cuentas de cu\u00e1nto resultan las ganancias de m\u00e1s de un mill\u00f3n de unidades de motor por un monto de 500 pesos? Y multipl\u00edquelo por dos y conocer\u00e1 el resultado anual.<\/p>\n\n\n\n<p>EL RETO<\/p>\n\n\n\n<p>Sobre el parque vehicular, en Oaxaca, los datos m\u00e1s recientes que se tienen del Inegi son de 2023, en que detalla que existen 476 mil 803 son autom\u00f3viles; cuatro mil 806 camiones para pasajeros, 318 mil 115 camiones y camionetas para carga y 295 mil 176 motocicletas, para dar un total de un mill\u00f3n 94 mil 900 veh\u00edculos.<\/p>\n\n\n\n<p>En el 2017, apenas se contaba con un padr\u00f3n total de 552 mil 387 unidades de motor, por lo que en menos de una d\u00e9cada, la cantidad se ha duplicado.<\/p>\n\n\n\n<p>Evidentemente que, si se compara con otras entidades m\u00e1s desarrolladas, como la Ciudad de M\u00e9xico, Nuevo Le\u00f3n o Jalisco, es un n\u00famero menor.<\/p>\n\n\n\n<p>No obstante, por supuesto que ese m\u00e1s de un mill\u00f3n de veh\u00edculos genera una alta contaminaci\u00f3n, principalmente en zonas urbanas, como son las \u00e1reas metropolitanas de Oaxaca de Ju\u00e1rez, de San Juan Bautista Tuxtepec y Santo Domingo Tehuantepec, con sus concernientes vecindades.<\/p>\n\n\n\n<p>Desde hace cerca de una d\u00e9cada se implement\u00f3 el programa de verificaci\u00f3n vehicular, que hasta ahora no sirve o no funciona adecuadamente; \u00fanicamente ha sido un mecanismo m\u00e1s para exprimir al contribuyente.<\/p>\n\n\n\n<p>Por \u201csugerencia\u201d de un funcionario estatal, en el sexenio del priista Alejandro Murat, con Samuel Gurri\u00f3n se comenzaron a construir varias estaciones de verificaci\u00f3n vehicular, pero que no tuvieron ninguna utilidad; es decir, no se ocuparon.<\/p>\n\n\n\n<p>Sin embargo, por supuesto que a\u00f1o con a\u00f1o se cobraba el monto de dicha verificaci\u00f3n; en consecuencia, hubo ganancias millonarias de un particular, sin mover un solo dedo.<\/p>\n\n\n\n<p>Hasta ahora, nadie sabe c\u00f3mo se otorg\u00f3 la concesi\u00f3n de los verificentros y qui\u00e9nes son los beneficiarios. Jam\u00e1s se ha hecho p\u00fablica la forma en que lograron este negocio, que en tiempos de la llamada Cuarta Transformaci\u00f3n, sigue boyante.<\/p>\n\n\n\n<p>EL DESASTRE<\/p>\n\n\n\n<p>En el sexenio de Morena con Salom\u00f3n Jara se sigui\u00f3 cobrando la misma medida de negocio y fue hasta este a\u00f1o en que el gobierno de Oaxaca, por fin decidi\u00f3 ahora s\u00ed hacerla realidad.<\/p>\n\n\n\n<p>Pero con la amenaza de multar a quienes no lleven su unidad de motor a verificar. Por supuesto, el propietario de una veh\u00edculo ha sido omiso para cumplir a tiempo, pero tiene que ver tambi\u00e9n la probable cauda de corrupci\u00f3n en esta contribuci\u00f3n.<\/p>\n\n\n\n<p>Para empezar, fue hasta febrero en que comenzaron a operar los centro de verificaci\u00f3n, que manejan particulares.<\/p>\n\n\n\n<p>Ante un exhorto del Congreso del Estado, la Secretar\u00eda del Medio Ambiente, que presidente Karina Unda Harp, anunci\u00f3 una pr\u00f3rroga de un mes, es decir agosto, pero las instalaciones permanecieron cerradas durante los primeros d\u00edas.<\/p>\n\n\n\n<p>\u201cDebido a los ajustes tecnol\u00f3gicos necesarios que implican estos cambios y para dar una adecuada atenci\u00f3n a las y los usuarios, se suspender\u00e1 el servicio en los pr\u00f3ximos d\u00edas y la medida se retomar\u00e1 a partir del lunes 4 de agosto\u201d, anunci\u00f3 a finales de julio.<\/p>\n\n\n\n<p>Seg\u00fan ha detallado, en la entidad se localizan 14 Centros de Verificaci\u00f3n distribuidos en las regiones de Valles Centrales, Mixteca, Cuenca del Papaloapan, Istmo de Tehuantepec y Sierra Sur.<\/p>\n\n\n\n<p>\u201cAsimismo, se hace del conocimiento que la Polic\u00eda Vial Estatal tiene facultades para solicitar el holograma de verificaci\u00f3n vehicular, por lo tanto, elementos de vialidad municipal no pueden hacerlo\u201d, recalc\u00f3.<\/p>\n\n\n\n<p>Pero se cumple casi un mes de desastre, en el que lo \u00fanico que ha resaltado son denuncias ciudadanas de corrupci\u00f3n en el tr\u00e1mite; o pago de 500 pesos para alcanzar una ficha, o fila desde una noche anterior afuera del verificentro, o trato p\u00e9simo o deficiente infraestructura para prestar el servicio\u2026 o todo junto.<\/p>\n\n\n\n<p>A ocho meses del a\u00f1o, no hay explicaci\u00f3n de esta tragedia que afecta a un cuarto de la poblaci\u00f3n de estado. Por supuesto, tampoco se han dado a conocer los nombres de los millonarios beneficiados con este esquema de concesi\u00f3n.<\/p>\n\n\n\n<p>Y en el colmo, las unidades del servicio p\u00fablico, taxis, mototaxis, y sobre todo camiones de pasajeros, no cumplen ni han cumplido con esta medida.&nbsp;<\/p>\n\n\n\n<p>\u201cRealizar la verificaci\u00f3n vehicular dos veces al a\u00f1o permite asegurar que los autos se mantengan en condiciones \u00f3ptimas y no emitan contaminantes por encima de los l\u00edmites permitidos en las Normas Oficiales Mexicanas\u201d, dice la Secretar\u00eda del Medio Ambiente estatal.&nbsp;<\/p>\n\n\n\n<p>Pero evidentemente que este lucrativo negocio disfrazado de cuidado del medio ambiente, sigue imparable\u2026 pues representa enormes ganancias para el Estado y para los concesionarios.<\/p>\n","protected":false},"excerpt":{"rendered":"<p>Ismael Garc\u00eda M.\/Zona Roja. Oaxaca, Oax., a 25 de agosto de 2025.- A punto de&hellip;<\/p>\n","protected":false},"author":2,"featured_media":67764,"comment_status":"closed","ping_status":"open","sticky":false,"template":"","format":"standard","meta":{"_lmt_disableupdate":"","_lmt_disable":"","_jetpack_memberships_contains_paid_content":false,"footnotes":""},"categories":[456,109,48],"tags":[1353],"class_list":["post-83893","post","type-post","status-publish","format-standard","has-post-thumbnail","hentry","category-columna","category-minuto-a-minuto","category-zona-critica","tag-opinion-zona-critica"],"jetpack_featured_media_url":"https:\/\/zonaroja.com.mx\/wp-content\/uploads\/2024\/04\/Opinion-Zona-Roja-Ismael-Garcia.jpg","jetpack_sharing_enabled":true,"_links":{"self":[{"href":"https:\/\/zonaroja.com.mx\/index.php?rest_route=\/wp\/v2\/posts\/83893","targetHints":{"allow":["GET"]}}],"collection":[{"href":"https:\/\/zonaroja.com.mx\/index.php?rest_route=\/wp\/v2\/posts"}],"about":[{"href":"https:\/\/zonaroja.com.mx\/index.php?rest_route=\/wp\/v2\/types\/post"}],"author":[{"embeddable":true,"href":"https:\/\/zonaroja.com.mx\/index.php?rest_route=\/wp\/v2\/users\/2"}],"replies":[{"embeddable":true,"href":"https:\/\/zonaroja.com.mx\/index.php?rest_route=%2Fwp%2Fv2%2Fcomments&post=83893"}],"version-history":[{"count":3,"href":"https:\/\/zonaroja.com.mx\/index.php?rest_route=\/wp\/v2\/posts\/83893\/revisions"}],"predecessor-version":[{"id":83899,"href":"https:\/\/zonaroja.com.mx\/index.php?rest_route=\/wp\/v2\/posts\/83893\/revisions\/83899"}],"wp:featuredmedia":[{"embeddable":true,"href":"https:\/\/zonaroja.com.mx\/index.php?rest_route=\/wp\/v2\/media\/67764"}],"wp:attachment":[{"href":"https:\/\/zonaroja.com.mx\/index.php?rest_route=%2Fwp%2Fv2%2Fmedia&parent=83893"}],"wp:term":[{"taxonomy":"category","embeddable":true,"href":"https:\/\/zonaroja.com.mx\/index.php?rest_route=%2Fwp%2Fv2%2Fcategories&post=83893"},{"taxonomy":"post_tag","embeddable":true,"href":"https:\/\/zonaroja.com.mx\/index.php?rest_route=%2Fwp%2Fv2%2Ftags&post=83893"}],"curies":[{"name":"wp","href":"https:\/\/api.w.org\/{rel}","templated":true}]}}