{"id":83895,"date":"2025-08-25T13:30:00","date_gmt":"2025-08-25T19:30:00","guid":{"rendered":"https:\/\/zonaroja.com.mx\/?p=83895"},"modified":"2025-08-25T09:35:22","modified_gmt":"2025-08-25T15:35:22","slug":"con-exposicion-de-toledo-promoveran-la-salud-sexual-y-prevencion-del-vih","status":"publish","type":"post","link":"https:\/\/zonaroja.com.mx\/?p=83895","title":{"rendered":"Con exposici\u00f3n de Toledo, promover\u00e1n la salud sexual y prevenci\u00f3n del VIH\u00a0"},"content":{"rendered":"\n<p>Lisbeth Mej\u00eda Reyes\/Zona Roja.<\/p>\n\n\n\n<p>Oaxaca, Oax., a 25 de agosto de 2025.- Con una selecci\u00f3n de 25 obras hechas en acuarelas, las instituciones fundadas por el artista Francisco Toledo alistan una exposici\u00f3n alusiva a la sexualidad.&nbsp;<\/p>\n\n\n\n<p>La muestra es parte de la tercera edici\u00f3n de los fines culturales, a realizarse los d\u00edas 28, 29 y 30 de agosto en m\u00e1s de 30 espacios culturales p\u00fablicos y privados del estado, pero tambi\u00e9n de la campa\u00f1a de informaci\u00f3n y detecci\u00f3n del VIH denominada \u00abSin funda no hay rumba\u00bb.<\/p>\n\n\n\n<p>Sara L\u00f3pez Ellitsgaard, presidenta de la asociaci\u00f3n civil, cuenta que la exposici\u00f3n estar\u00e1 solamente el 29 de agosto en el Centro de las Artes de San Agust\u00edn Etla (CaSa), en el Instituto de Artes Gr\u00e1ficas de Oaxaca (IAGO) y en el Centro Fotogr\u00e1fico Manuel \u00c1lvarez Bravo.<\/p>\n\n\n\n<p>La intenci\u00f3n es que el d\u00eda en que la gente acuda a hacerse la prueba y espere los resultados o mientras reciba la informaci\u00f3n pueda ver la obra del maestro. \u00abS\u00ed son im\u00e1genes un poco fuertes, no aptas para primera infancia, pero creo que hay p\u00fablico para todo\u00bb, coment\u00f3 en entrevista sobre esta exposici\u00f3n de acuarelas de diferentes \u00e9pocas y algunos de las cuales no se han mostrado al p\u00fablico.<\/p>\n\n\n\n<p>Entre las piezas tambi\u00e9n hay varias que a decir de L\u00f3pez Ellitsgaard el artista dej\u00f3 inconclusas, pero en las que se observa uno de los intereses recurrentes de su obra.<\/p>\n\n\n\n<p>\u00abLa idea es que vean algunas obras. Creo que los que conocemos la obra del maestro sabemos que le gustaba tratar muchos temas y uno de ellos era la sexualidad\u00bb.<\/p>\n\n\n\n<p>Con esta exposici\u00f3n, la asociaci\u00f3n civil se suma a la campa\u00f1a de informaci\u00f3n y prevenci\u00f3n del VIH, por lo que el llamado de L\u00f3pez Ellitsgaard a la poblaci\u00f3n es a dejar de lado los estigmas y conocer estas obras, pero tambi\u00e9n a hacerse la prueba o tamizaje para saber si tiene o no VIH.<\/p>\n\n\n\n<p>Se espera que la exposici\u00f3n tambi\u00e9n se presente pr\u00f3ximamente en el Parque Primavera, adelant\u00f3 el secretario de las Culturas y Artes, Flavio Sosa Villavicencio. Por ahora, la fecha de su presentaci\u00f3n es el 29 de agosto en estos tres espacios fundados por el artista: CaSa, IAGO y Centro Fotogr\u00e1fico Manuel \u00c1lvarez Bravo.<\/p>\n","protected":false},"excerpt":{"rendered":"<p>Lisbeth Mej\u00eda Reyes\/Zona Roja. Oaxaca, Oax., a 25 de agosto de 2025.- Con una selecci\u00f3n&hellip;<\/p>\n","protected":false},"author":2,"featured_media":83896,"comment_status":"closed","ping_status":"open","sticky":false,"template":"","format":"standard","meta":{"_lmt_disableupdate":"","_lmt_disable":"","_jetpack_memberships_contains_paid_content":false,"footnotes":""},"categories":[109,46],"tags":[],"class_list":["post-83895","post","type-post","status-publish","format-standard","has-post-thumbnail","hentry","category-minuto-a-minuto","category-zona-blanca"],"jetpack_featured_media_url":"https:\/\/zonaroja.com.mx\/wp-content\/uploads\/2025\/08\/Coesida-campana-Fundacion-Toledo.jpg","jetpack_sharing_enabled":true,"_links":{"self":[{"href":"https:\/\/zonaroja.com.mx\/index.php?rest_route=\/wp\/v2\/posts\/83895","targetHints":{"allow":["GET"]}}],"collection":[{"href":"https:\/\/zonaroja.com.mx\/index.php?rest_route=\/wp\/v2\/posts"}],"about":[{"href":"https:\/\/zonaroja.com.mx\/index.php?rest_route=\/wp\/v2\/types\/post"}],"author":[{"embeddable":true,"href":"https:\/\/zonaroja.com.mx\/index.php?rest_route=\/wp\/v2\/users\/2"}],"replies":[{"embeddable":true,"href":"https:\/\/zonaroja.com.mx\/index.php?rest_route=%2Fwp%2Fv2%2Fcomments&post=83895"}],"version-history":[{"count":1,"href":"https:\/\/zonaroja.com.mx\/index.php?rest_route=\/wp\/v2\/posts\/83895\/revisions"}],"predecessor-version":[{"id":83897,"href":"https:\/\/zonaroja.com.mx\/index.php?rest_route=\/wp\/v2\/posts\/83895\/revisions\/83897"}],"wp:featuredmedia":[{"embeddable":true,"href":"https:\/\/zonaroja.com.mx\/index.php?rest_route=\/wp\/v2\/media\/83896"}],"wp:attachment":[{"href":"https:\/\/zonaroja.com.mx\/index.php?rest_route=%2Fwp%2Fv2%2Fmedia&parent=83895"}],"wp:term":[{"taxonomy":"category","embeddable":true,"href":"https:\/\/zonaroja.com.mx\/index.php?rest_route=%2Fwp%2Fv2%2Fcategories&post=83895"},{"taxonomy":"post_tag","embeddable":true,"href":"https:\/\/zonaroja.com.mx\/index.php?rest_route=%2Fwp%2Fv2%2Ftags&post=83895"}],"curies":[{"name":"wp","href":"https:\/\/api.w.org\/{rel}","templated":true}]}}