{"id":83900,"date":"2025-08-25T13:42:45","date_gmt":"2025-08-25T19:42:45","guid":{"rendered":"https:\/\/zonaroja.com.mx\/?p=83900"},"modified":"2025-08-25T13:42:45","modified_gmt":"2025-08-25T19:42:45","slug":"van-750-menores-asesinados-en-el-actual-gobierno-revelan-datos-del-sesnsp","status":"publish","type":"post","link":"https:\/\/zonaroja.com.mx\/?p=83900","title":{"rendered":"Van 750 menores asesinados en el actual gobierno, revelan datos del SESNSP"},"content":{"rendered":"\n<p>Redacci\u00f3n\/Zona Roja Cdmx.<\/p>\n\n\n\n<p>Ciudad de M\u00e9xico, a 25 de agosto de 2025.- Al menos siete menores de edad, incluidos ni\u00f1os y adolescentes, fueron asesinados en los \u00faltimos cinco d\u00edas en M\u00e9xico. En Jalisco y Puebla hubo dos casos; en Guanajuato, Guerrero y Ciudad de M\u00e9xico uno por entidad. Todos los cr\u00edmenes fueron por disparo de arma de fuego.<\/p>\n\n\n\n<p>Con estos casos suman al menos 750 menores asesinados en la actual administraci\u00f3n, 7 de cada 10 casos con arma de fuego, seg\u00fan datos del Secretariado Ejecutivo del Sistema Nacional de Seguridad P\u00fablica.<\/p>\n\n\n\n<p>Esa cifra podr\u00eda ser a\u00fan mayor ya que, el SESNSP recientemente modific\u00f3 sus cifras, sin previo aviso y sin dar una explicaci\u00f3n, suprimiendo decenas de casos de asesinato de menores.<br>Entre los cr\u00edmenes de los \u00faltimos d\u00edas destaca el ocurrido el jueves en Juventino Rosas, Guanajuato, donde un menor de 13 a\u00f1os muri\u00f3 y su hermano de 10 a\u00f1os result\u00f3 herido, hecho en el que particip\u00f3 la Guardia Nacional.<\/p>\n\n\n\n<p>Fidel Armando Ruiz, alcalde de ese municipio, acus\u00f3 que las balas que mataron al adolescente e hirieron a su hermano son de las usadas por la Guardia Nacional; pero la fiscal\u00eda local dijo que no hay elementos para fincar responsabilidades.<\/p>\n\n\n\n<p>El viernes, en la colonia San Andr\u00e9s, de Guadalajara, Jalisco, autoridades hallaron un veh\u00edculo con los cad\u00e1veres de cuatro miembros de una familia, entre ellos dos infantes (de entre 5 y 10 a\u00f1os), todos asesinados a tiros.<br><\/p>\n\n\n\n<p>Ese mismo d\u00eda, en la alcald\u00eda de Xochimilco, de la Ciudad de M\u00e9xico fue asesinada a tiros Susana Guti\u00e9rrez Mendoza, presunta l\u00edder de una c\u00e9lula criminal conocida como \u2018Los Susanos\u2019.<\/p>\n\n\n\n<p>La mujer viajaba en un auto Volkswagen color guinda, cuando fue atacada. En el auto se localiz\u00f3 el cuerpo sin vida de una ni\u00f1a de 10 a\u00f1os, familiar de Susana.<\/p>\n\n\n\n<p>En Chilpancingo, Guerrero, un adolescente de 14 a\u00f1os fue asesinado a sangre fr\u00eda, a plena luz del d\u00eda, de al menos 10 disparos de arma calibre 9mm, por un grupo de sujetos que logr\u00f3 huir.<\/p>\n\n\n\n<p>Los responsables persiguieron al menor, identificado como David \u2018N\u2019, y en un estacionamiento ubicado frente una cl\u00ednica del IMSS, lo acribillaron.<\/p>\n\n\n\n<p>En Puebla ocurrieron dos casos, en uno Miguel \u00c1ngel, de 16 a\u00f1os, fue asesinado durante la fiesta patronal de San Gregorio Atzompa, y en San Mart\u00edn Texmelucan, asesinaron a otro adolescente en un ataque armado en un puesto de comida, ubicado en junta auxiliar de Santa Mar\u00eda Moyotzingo.<\/p>\n\n\n\n<p><br>(Informaci\u00f3n de \u201cEl Financiero\u201d)<\/p>\n\n\n\n<p><\/p>\n","protected":false},"excerpt":{"rendered":"<p>Redacci\u00f3n\/Zona Roja Cdmx. Ciudad de M\u00e9xico, a 25 de agosto de 2025.- Al menos siete&hellip;<\/p>\n","protected":false},"author":2,"featured_media":82300,"comment_status":"closed","ping_status":"open","sticky":false,"template":"","format":"standard","meta":{"_lmt_disableupdate":"","_lmt_disable":"","_jetpack_memberships_contains_paid_content":false,"footnotes":""},"categories":[109,47],"tags":[],"class_list":["post-83900","post","type-post","status-publish","format-standard","has-post-thumbnail","hentry","category-minuto-a-minuto","category-zona-gris"],"jetpack_featured_media_url":"https:\/\/zonaroja.com.mx\/wp-content\/uploads\/2025\/07\/Violencia-ninos-Mexico-menores-asesinatos.jpg","jetpack_sharing_enabled":true,"_links":{"self":[{"href":"https:\/\/zonaroja.com.mx\/index.php?rest_route=\/wp\/v2\/posts\/83900","targetHints":{"allow":["GET"]}}],"collection":[{"href":"https:\/\/zonaroja.com.mx\/index.php?rest_route=\/wp\/v2\/posts"}],"about":[{"href":"https:\/\/zonaroja.com.mx\/index.php?rest_route=\/wp\/v2\/types\/post"}],"author":[{"embeddable":true,"href":"https:\/\/zonaroja.com.mx\/index.php?rest_route=\/wp\/v2\/users\/2"}],"replies":[{"embeddable":true,"href":"https:\/\/zonaroja.com.mx\/index.php?rest_route=%2Fwp%2Fv2%2Fcomments&post=83900"}],"version-history":[{"count":1,"href":"https:\/\/zonaroja.com.mx\/index.php?rest_route=\/wp\/v2\/posts\/83900\/revisions"}],"predecessor-version":[{"id":83901,"href":"https:\/\/zonaroja.com.mx\/index.php?rest_route=\/wp\/v2\/posts\/83900\/revisions\/83901"}],"wp:featuredmedia":[{"embeddable":true,"href":"https:\/\/zonaroja.com.mx\/index.php?rest_route=\/wp\/v2\/media\/82300"}],"wp:attachment":[{"href":"https:\/\/zonaroja.com.mx\/index.php?rest_route=%2Fwp%2Fv2%2Fmedia&parent=83900"}],"wp:term":[{"taxonomy":"category","embeddable":true,"href":"https:\/\/zonaroja.com.mx\/index.php?rest_route=%2Fwp%2Fv2%2Fcategories&post=83900"},{"taxonomy":"post_tag","embeddable":true,"href":"https:\/\/zonaroja.com.mx\/index.php?rest_route=%2Fwp%2Fv2%2Ftags&post=83900"}],"curies":[{"name":"wp","href":"https:\/\/api.w.org\/{rel}","templated":true}]}}