{"id":83903,"date":"2025-08-25T18:23:27","date_gmt":"2025-08-26T00:23:27","guid":{"rendered":"https:\/\/zonaroja.com.mx\/?p=83903"},"modified":"2025-08-25T18:23:29","modified_gmt":"2025-08-26T00:23:29","slug":"oaxaca-de-juarez-y-san-jacinto-amilpas-unen-esfuerzos-para-rehabilitar-vialidad","status":"publish","type":"post","link":"https:\/\/zonaroja.com.mx\/?p=83903","title":{"rendered":"Oaxaca de Ju\u00e1rez y San Jacinto Amilpas unen esfuerzos para rehabilitar v\u00edalidad"},"content":{"rendered":"\n<p>Redacci\u00f3n\/Zona Roja.<\/p>\n\n\n\n<p>Oaxaca, Oax., a 25 de agosto de 2025.- Tras un di\u00e1logo con las vecinas y vecinos de la colonia Santa Cruz del municipio de San Jacinto Amilpas, el municipio de Oaxaca de Ju\u00e1rez informa que se alcanzaron acuerdos importantes para dar continuidad a los trabajos de rehabilitaci\u00f3n del crucero del puente del Tecnol\u00f3gico y la avenida Ignacio Bernal.<\/p>\n\n\n\n<p>En este esfuerzo participaron autoridades municipales de San Jacinto Amilpas, as\u00ed como vecinas y vecinos de la zona, inform\u00f3 el secretario de Obras P\u00fablicas de Oaxaca de Ju\u00e1rez, Carlos Facundo Alcocer P\u00e9rez.<\/p>\n\n\n\n<p>Esta vialidad permanecer\u00e1 cerrada en tanto se realizan los trabajos de rehabilitaci\u00f3n, por lo que el tr\u00e1nsito vehicular de poniente a oriente se realizar\u00e1 por la calle Silacayoapan de la colonia Estado de Oaxaca y de oriente a poniente ser\u00e1 por la calle Aztl\u00e1n e Iztapalapa de la colonia Azteca, el transporte p\u00fablico circular\u00e1 por la Colonia Estado de Oaxaca; as\u00ed mismo se contar\u00e1 con el apoyo vial por parte de la Polic\u00eda Vial de Oaxaca de Ju\u00e1rez y San Jacinto Amilpas.<\/p>\n\n\n\n<p>Escuchar a la ciudadan\u00eda y construir soluciones en conjunto es la mejor manera de avanzar en favor de todas y de todos.<\/p>\n","protected":false},"excerpt":{"rendered":"<p>Redacci\u00f3n\/Zona Roja. Oaxaca, Oax., a 25 de agosto de 2025.- Tras un di\u00e1logo con las&hellip;<\/p>\n","protected":false},"author":2,"featured_media":83904,"comment_status":"closed","ping_status":"open","sticky":false,"template":"","format":"standard","meta":{"_lmt_disableupdate":"","_lmt_disable":"","_jetpack_memberships_contains_paid_content":false,"footnotes":""},"categories":[109,46],"tags":[148,77],"class_list":["post-83903","post","type-post","status-publish","format-standard","has-post-thumbnail","hentry","category-minuto-a-minuto","category-zona-blanca","tag-oaxaca-de-juarez","tag-san-jacinto-amilpas"],"jetpack_featured_media_url":"https:\/\/zonaroja.com.mx\/wp-content\/uploads\/2025\/08\/Rehabilitacion-baches-Oaxaca-San-Jacinto.jpg","jetpack_sharing_enabled":true,"_links":{"self":[{"href":"https:\/\/zonaroja.com.mx\/index.php?rest_route=\/wp\/v2\/posts\/83903","targetHints":{"allow":["GET"]}}],"collection":[{"href":"https:\/\/zonaroja.com.mx\/index.php?rest_route=\/wp\/v2\/posts"}],"about":[{"href":"https:\/\/zonaroja.com.mx\/index.php?rest_route=\/wp\/v2\/types\/post"}],"author":[{"embeddable":true,"href":"https:\/\/zonaroja.com.mx\/index.php?rest_route=\/wp\/v2\/users\/2"}],"replies":[{"embeddable":true,"href":"https:\/\/zonaroja.com.mx\/index.php?rest_route=%2Fwp%2Fv2%2Fcomments&post=83903"}],"version-history":[{"count":1,"href":"https:\/\/zonaroja.com.mx\/index.php?rest_route=\/wp\/v2\/posts\/83903\/revisions"}],"predecessor-version":[{"id":83905,"href":"https:\/\/zonaroja.com.mx\/index.php?rest_route=\/wp\/v2\/posts\/83903\/revisions\/83905"}],"wp:featuredmedia":[{"embeddable":true,"href":"https:\/\/zonaroja.com.mx\/index.php?rest_route=\/wp\/v2\/media\/83904"}],"wp:attachment":[{"href":"https:\/\/zonaroja.com.mx\/index.php?rest_route=%2Fwp%2Fv2%2Fmedia&parent=83903"}],"wp:term":[{"taxonomy":"category","embeddable":true,"href":"https:\/\/zonaroja.com.mx\/index.php?rest_route=%2Fwp%2Fv2%2Fcategories&post=83903"},{"taxonomy":"post_tag","embeddable":true,"href":"https:\/\/zonaroja.com.mx\/index.php?rest_route=%2Fwp%2Fv2%2Ftags&post=83903"}],"curies":[{"name":"wp","href":"https:\/\/api.w.org\/{rel}","templated":true}]}}