{"id":83906,"date":"2025-08-25T18:37:49","date_gmt":"2025-08-26T00:37:49","guid":{"rendered":"https:\/\/zonaroja.com.mx\/?p=83906"},"modified":"2025-08-25T18:37:51","modified_gmt":"2025-08-26T00:37:51","slug":"seccion-22-inicia-ciclo-escolar-en-nochixtlan-la-mayoria-de-escuelas-cerradas","status":"publish","type":"post","link":"https:\/\/zonaroja.com.mx\/?p=83906","title":{"rendered":"Secci\u00f3n 22 inicia ciclo escolar en Nochixtl\u00e1n; la mayor\u00eda de escuelas, cerradas"},"content":{"rendered":"\n<p>Lisbeth Mej\u00eda Reyes\/Zona Roja.<\/p>\n\n\n\n<p>Oaxaca, Oax., a 25 de agosto de 2025.- La Secci\u00f3n 22 del Sindicato Nacional de Trabajadores de la Educaci\u00f3n arranc\u00f3 este lunes el ciclo escolar 2025-2026 en la comunidad de Rancho Luna, municipio de Asunci\u00f3n Nochixtl\u00e1n, seg\u00fan lo marcado por su calendario alternativo.&nbsp;<\/p>\n\n\n\n<p>Sin embargo, a diferencia de esa localidad, las escuelas de la capital oaxaque\u00f1a y de otros municipios del estado permanecieron cerradas, en espera del inicio oficial que la Secretar\u00eda de Educaci\u00f3n P\u00fablica estableci\u00f3 para el 1 de septiembre.<\/p>\n\n\n\n<p>Fue con una marcha y con una ceremonia en el Centro de Educaci\u00f3n Preescolar \u00abJuan Escutia\u00bb como el comit\u00e9 ejecutivo de la Secci\u00f3n 22 inaugur\u00f3 las actividades.&nbsp;<\/p>\n\n\n\n<p>En el acto c\u00edvico participaron infantes y docentes, estos \u00faltimos interpretando el himno nacional en lengua ind\u00edgena.<\/p>\n\n\n\n<p>Yenny Araceli P\u00e9rez Mart\u00ednez, secretaria general del sindicato, expres\u00f3 que el inicio del ciclo escolar en esta fecha es parte del compromiso y responsabilidad de las y los trabajadores de la educaci\u00f3n con la educaci\u00f3n.&nbsp;<\/p>\n\n\n\n<p>Asimismo, se enmarca en el Plan para la Transformaci\u00f3n de la Educaci\u00f3n de Oaxaca (PTEO).<\/p>\n\n\n\n<p>\u00abCon ello refrendamos que cuando se habla de una educaci\u00f3n alternativa es mediante hechos, por eso todas\u00bb, expres\u00f3 la representante.&nbsp;<\/p>\n\n\n\n<p>Tambi\u00e9n dijo que haber elegido este preescolar para la ceremonia fue para mostrar las carencias que tienen este y otros espacios educativos en el estado y por lo cual seguir\u00e1 la lucha del sindicato.<\/p>\n\n\n\n<p>\u00abA nivel estatal hay una gran necesidad de infracciones en nuestras escuelas, no todo ha sido resuelto con los programas que han impulsado desde el gobierno federal\u00bb, detall\u00f3 P\u00e9rez Mart\u00ednez ante docentes y tutores.<\/p>\n\n\n\n<p>La secretaria general tambi\u00e9n expuso que actualmente sigue la distribuci\u00f3n del mobiliario escolar en el estado, pero que esto tambi\u00e9n es resultado de la movilizaci\u00f3n de la Secci\u00f3n 22 y no por la voluntad pol\u00edtica de las autoridades estatales.<\/p>\n\n\n\n<p>De acuerdo con la Secci\u00f3n 22, el ciclo escolar 2025-2026 de su calendario alternativo a comprende 200 d\u00edas efectivos de labores al frente de las aulas hasta el 7 de julio de 2026.<\/p>\n\n\n\n<p>Tendr\u00e1 dos periodos vacacionales: uno del 19 de diciembre de 2025 al 6 de enero de 2026 y el otro del 30 d marzo al 10 de abril de 2026.<\/p>\n","protected":false},"excerpt":{"rendered":"<p>Lisbeth Mej\u00eda Reyes\/Zona Roja. Oaxaca, Oax., a 25 de agosto de 2025.- La Secci\u00f3n 22&hellip;<\/p>\n","protected":false},"author":2,"featured_media":83907,"comment_status":"closed","ping_status":"open","sticky":false,"template":"","format":"standard","meta":{"_lmt_disableupdate":"","_lmt_disable":"","_jetpack_memberships_contains_paid_content":false,"footnotes":""},"categories":[109,47],"tags":[312],"class_list":["post-83906","post","type-post","status-publish","format-standard","has-post-thumbnail","hentry","category-minuto-a-minuto","category-zona-gris","tag-seccion-22-del-snte"],"jetpack_featured_media_url":"https:\/\/zonaroja.com.mx\/wp-content\/uploads\/2025\/08\/Inicio-ciclo-escolar-Seccion-22-del-SNTE.jpg","jetpack_sharing_enabled":true,"_links":{"self":[{"href":"https:\/\/zonaroja.com.mx\/index.php?rest_route=\/wp\/v2\/posts\/83906","targetHints":{"allow":["GET"]}}],"collection":[{"href":"https:\/\/zonaroja.com.mx\/index.php?rest_route=\/wp\/v2\/posts"}],"about":[{"href":"https:\/\/zonaroja.com.mx\/index.php?rest_route=\/wp\/v2\/types\/post"}],"author":[{"embeddable":true,"href":"https:\/\/zonaroja.com.mx\/index.php?rest_route=\/wp\/v2\/users\/2"}],"replies":[{"embeddable":true,"href":"https:\/\/zonaroja.com.mx\/index.php?rest_route=%2Fwp%2Fv2%2Fcomments&post=83906"}],"version-history":[{"count":1,"href":"https:\/\/zonaroja.com.mx\/index.php?rest_route=\/wp\/v2\/posts\/83906\/revisions"}],"predecessor-version":[{"id":83908,"href":"https:\/\/zonaroja.com.mx\/index.php?rest_route=\/wp\/v2\/posts\/83906\/revisions\/83908"}],"wp:featuredmedia":[{"embeddable":true,"href":"https:\/\/zonaroja.com.mx\/index.php?rest_route=\/wp\/v2\/media\/83907"}],"wp:attachment":[{"href":"https:\/\/zonaroja.com.mx\/index.php?rest_route=%2Fwp%2Fv2%2Fmedia&parent=83906"}],"wp:term":[{"taxonomy":"category","embeddable":true,"href":"https:\/\/zonaroja.com.mx\/index.php?rest_route=%2Fwp%2Fv2%2Fcategories&post=83906"},{"taxonomy":"post_tag","embeddable":true,"href":"https:\/\/zonaroja.com.mx\/index.php?rest_route=%2Fwp%2Fv2%2Ftags&post=83906"}],"curies":[{"name":"wp","href":"https:\/\/api.w.org\/{rel}","templated":true}]}}