{"id":83909,"date":"2025-08-25T19:15:00","date_gmt":"2025-08-26T01:15:00","guid":{"rendered":"https:\/\/zonaroja.com.mx\/?p=83909"},"modified":"2025-08-25T19:04:00","modified_gmt":"2025-08-26T01:04:00","slug":"ofrecen-recompensa-para-localizar-a-adulto-mayor-desaparecido-en-ayutla-mixe","status":"publish","type":"post","link":"https:\/\/zonaroja.com.mx\/?p=83909","title":{"rendered":"Ofrecen recompensa para localizar a adulto mayor desaparecido en Ayutla Mixe"},"content":{"rendered":"\n<p>Lisbeth Mej\u00eda Reyes\/Zona Roja.<\/p>\n\n\n\n<p>Oaxaca, Oax., a 25 de agosto de 2025.- Gerardo Jos\u00e9 Mart\u00ednez es un adulto mayor que desapareci\u00f3 el 5 de julio en Rancho Encino, municipio de San Pedro y San Pablo Ayutla, en la zona mixe de Oaxaca.&nbsp;<\/p>\n\n\n\n<p>Desde entonces su familia no ha dejado de buscarlo, incluso en las zonas monta\u00f1osas donde pudo haber caminado tras salir al campo.&nbsp;<\/p>\n\n\n\n<p>Ahora, y ante la falta de resultados de las autoridades, principalmente de la Comisi\u00f3n Estatal de B\u00fasqueda de Personas Desaparecidas, la familia apela a la solidaridad ciudadana para encontrarlo y ofrece una recompensa de 40 mil pesos para quien proporcione informaci\u00f3n contundente y clara que permita localizarlo.<\/p>\n\n\n\n<p>\u00abHay indicios de que el se\u00f1or Gerardo Jos\u00e9 haya sido v\u00edctima de un delito para afectar econ\u00f3micamente a la familia, debido al giro econ\u00f3mico de los hijos y tambi\u00e9n hemos recibido llamadas intimidatorias respecto al caso\u00bb, explic\u00f3 el activista Joaqu\u00edn Galv\u00e1n, quien acompa\u00f1a a la familia en la b\u00fasqueda.<\/p>\n\n\n\n<p>Este lunes, la familia ofreci\u00f3 una conferencia de prensa en el corredor del Palacio de Gobierno, ciudad de Oaxaca.&nbsp;<\/p>\n\n\n\n<p>En compa\u00f1\u00eda del abogado Joaqu\u00edn Galv\u00e1n y de la tambi\u00e9n activista Martha Pablo (del Colectivo Oaxaque\u00f1os Buscando a los Nuestros) se\u00f1alaron que aunque se gestionaron y realizaron b\u00fasquedas en la zona siguen sin indicios, por lo que piden la colaboraci\u00f3n para tener datos de su paradero.&nbsp;<\/p>\n\n\n\n<p>Incluso, como asegur\u00f3 Galv\u00e1n, no indagar\u00e1n m\u00e1s si se cometi\u00f3 alg\u00fan delito, pues lo importante es encontrar a Jos\u00e9, adulto de 82 a\u00f1os de edad.<\/p>\n\n\n\n<p>\u00abEste es un llamado para que si el se\u00f1or Gerardo Jos\u00e9 fue v\u00edctima de un delito, invitamos a estas personas que pudieron haber el da\u00f1o a que nos den la informaci\u00f3n.&nbsp;<\/p>\n\n\n\n<p>\u201cNo vamos a buscar culpables, no vamos a hacer investigaciones m\u00e1s amplias, solo queremos que nos den la informaci\u00f3n de donde encontrarlo. Si nos dan la informaci\u00f3n ellos o cualquier persona la recompensa es de 40 mil pesos de la propia familia\u00bb.<\/p>\n\n\n\n<p>De acuerdo con la Comisi\u00f3n Nacional de B\u00fasqueda (CNB), en el estado de Oaxaca se estima que por cada 100 mil habitantes desaparecen 102 personas (cifras de enero de 2025).&nbsp;<\/p>\n\n\n\n<p>Sin embargo, y aun cuando la entidad est\u00e1 en el \u00faltimo lugar nacional en cuanto a esta tasa de desapariciones, personas como son Gerardo siguen sin ser encontradas.<\/p>\n\n\n\n<figure class=\"wp-block-embed is-type-rich is-provider-twitter wp-block-embed-twitter\"><div class=\"wp-block-embed__wrapper\">\n<div class=\"twitter-tweet\"><blockquote class=\"twitter-tweet\" data-lang=\"es\"><p lang=\"es\" dir=\"ltr\">A casi dos meses de desaparecido, a\u00fan no hay pistas del se\u00f1or Gerardo Jos\u00e9 Mart\u00ednez, visto por \u00faltima vez el 5 de julio en jurisdicci\u00f3n del municipio de San Pedro y San Pablo Ayutla Mixe. <br><br>En la ciudad de Oaxaca, familiares y el activista <a href=\"https:\/\/twitter.com\/quinomixe?ref_src=twsrc%5Etfw\">@quinomixe<\/a> anunciaron hoy una recompensa\u2026 <a href=\"https:\/\/t.co\/ePqnItCvE2\">pic.twitter.com\/ePqnItCvE2<\/a><\/p>&mdash; Zona Roja Oaxaca (@ZonaRoja_Oaxaca) <a href=\"https:\/\/twitter.com\/ZonaRoja_Oaxaca\/status\/1960049799887274486?ref_src=twsrc%5Etfw\">25 de agosto de 2025<\/a><\/blockquote><\/div>\n<\/div><\/figure>\n","protected":false},"excerpt":{"rendered":"<p>Lisbeth Mej\u00eda Reyes\/Zona Roja. Oaxaca, Oax., a 25 de agosto de 2025.- Gerardo Jos\u00e9 Mart\u00ednez&hellip;<\/p>\n","protected":false},"author":2,"featured_media":83910,"comment_status":"closed","ping_status":"open","sticky":false,"template":"","format":"standard","meta":{"_lmt_disableupdate":"","_lmt_disable":"","_jetpack_memberships_contains_paid_content":false,"footnotes":""},"categories":[109,47],"tags":[4422,501],"class_list":["post-83909","post","type-post","status-publish","format-standard","has-post-thumbnail","hentry","category-minuto-a-minuto","category-zona-gris","tag-gerardo-jose-martinez","tag-san-pedro-y-san-pablo-ayutla-mixe"],"jetpack_featured_media_url":"https:\/\/zonaroja.com.mx\/wp-content\/uploads\/2025\/08\/Denuncia-desaparecido-Ayutla-Mixe.jpg","jetpack_sharing_enabled":true,"_links":{"self":[{"href":"https:\/\/zonaroja.com.mx\/index.php?rest_route=\/wp\/v2\/posts\/83909","targetHints":{"allow":["GET"]}}],"collection":[{"href":"https:\/\/zonaroja.com.mx\/index.php?rest_route=\/wp\/v2\/posts"}],"about":[{"href":"https:\/\/zonaroja.com.mx\/index.php?rest_route=\/wp\/v2\/types\/post"}],"author":[{"embeddable":true,"href":"https:\/\/zonaroja.com.mx\/index.php?rest_route=\/wp\/v2\/users\/2"}],"replies":[{"embeddable":true,"href":"https:\/\/zonaroja.com.mx\/index.php?rest_route=%2Fwp%2Fv2%2Fcomments&post=83909"}],"version-history":[{"count":1,"href":"https:\/\/zonaroja.com.mx\/index.php?rest_route=\/wp\/v2\/posts\/83909\/revisions"}],"predecessor-version":[{"id":83911,"href":"https:\/\/zonaroja.com.mx\/index.php?rest_route=\/wp\/v2\/posts\/83909\/revisions\/83911"}],"wp:featuredmedia":[{"embeddable":true,"href":"https:\/\/zonaroja.com.mx\/index.php?rest_route=\/wp\/v2\/media\/83910"}],"wp:attachment":[{"href":"https:\/\/zonaroja.com.mx\/index.php?rest_route=%2Fwp%2Fv2%2Fmedia&parent=83909"}],"wp:term":[{"taxonomy":"category","embeddable":true,"href":"https:\/\/zonaroja.com.mx\/index.php?rest_route=%2Fwp%2Fv2%2Fcategories&post=83909"},{"taxonomy":"post_tag","embeddable":true,"href":"https:\/\/zonaroja.com.mx\/index.php?rest_route=%2Fwp%2Fv2%2Ftags&post=83909"}],"curies":[{"name":"wp","href":"https:\/\/api.w.org\/{rel}","templated":true}]}}