{"id":8391,"date":"2020-02-04T09:33:13","date_gmt":"2020-02-04T15:33:13","guid":{"rendered":"http:\/\/www.zonaroja.com.mx\/?p=8391"},"modified":"2020-02-04T09:33:16","modified_gmt":"2020-02-04T15:33:16","slug":"piden-inclusion-en-leyes-para-garantizar-los-derechos-de-persona-de-talla-baja","status":"publish","type":"post","link":"https:\/\/zonaroja.com.mx\/?p=8391","title":{"rendered":"Piden inclusi\u00f3n en leyes para garantizar los derechos de persona de talla baja"},"content":{"rendered":"\n<p>Yuridiana Sosa\/Zona Roja.<\/p>\n\n\n\n<p>Oaxaca de Ju\u00e1rez, Oax., 4 de febrero de\n2020.- Con el fin de ofrecer mejores condiciones para el pleno desarrollo de su\nvida y la garant\u00eda de sus derechos, en el pleno del Congreso de Oaxaca se\npropuso la inclusi\u00f3n del trastorno de talla baja en las leyes locales, como lo\nestablece la Ley General para la Inclusi\u00f3n de las Personas con Discapacidad.<\/p>\n\n\n\n<p>El diputado por Morena, P\u00e1vel Mel\u00e9ndez\nCruz, expuso la propuesta ante la 64 Legislatura de Oaxaca con el fin de\nofrecer a las personas con esa condici\u00f3n f\u00edsica mejores posibilidades de vida,\nal tiempo que la entidad se suma la erradicaci\u00f3n de la discriminaci\u00f3n.<\/p>\n\n\n\n<p>Con la aprobaci\u00f3n de esta propuesta, Oaxaca se convertir\u00eda en el octavo estado del pa\u00eds con la inclusi\u00f3n en sus leyes de la protecci\u00f3n de derechos de para las personas de talla baja.<\/p>\n\n\n\n<figure class=\"wp-block-embed-twitter wp-block-embed is-type-rich is-provider-twitter\"><div class=\"wp-block-embed__wrapper\">\n<div class=\"twitter-tweet\"><blockquote class=\"twitter-tweet\" data-lang=\"es\"><p lang=\"es\" dir=\"ltr\"><a href=\"https:\/\/twitter.com\/hashtag\/OaxacaGris?src=hash&amp;ref_src=twsrc%5Etfw\">#OaxacaGris<\/a><br>\u00bfConoce a las personas de talla baja? \u00bfSabe que a\u00fan siguen siendo discriminadas? Aqu\u00ed la iniciativa del diputado <a href=\"https:\/\/twitter.com\/pavel_mc?ref_src=twsrc%5Etfw\">@pavel_mc<\/a>: <a href=\"https:\/\/t.co\/ldWCNMWCsZ\">pic.twitter.com\/ldWCNMWCsZ<\/a><\/p>&mdash; Zona Roja Oaxaca (@MexRoja) <a href=\"https:\/\/twitter.com\/MexRoja\/status\/1224358399422488580?ref_src=twsrc%5Etfw\">3 de febrero de 2020<\/a><\/blockquote><\/div>\n<\/div><\/figure>\n\n\n\n<p>A la fecha, solo estados los estados de\nColima, Guanajuato, Campeche, Coahuila, Puebla, Tabasco y el Estado de M\u00e9xico,\nhan modificado sus leyes locales en materia de discapacidad, indic\u00f3 el\ndiputado.<\/p>\n\n\n\n<p>Mel\u00e9ndez Cruz expres\u00f3 que una persona\ncon talla baja se enfrenta a grandes retos, ya que la infraestructura de los\nespacios p\u00fablicos no est\u00e1 dise\u00f1ada para una persona que mida menos de un metro.<\/p>\n\n\n\n<p>Adem\u00e1s que son sujetos de burlas,\ndiscriminaci\u00f3n y exclusi\u00f3n, que vulneran su autoestima, pero tambi\u00e9n son\nvulnerables a otros problemas relacionados a su salud, pues es com\u00fan que\npadezcan de osteoporosis, problemas en la columna como lordosis, en\narticulaciones, sobrepeso, imposibilidad de caminar, par\u00e1lisis motriz, entre\notras.<\/p>\n\n\n\n<p>La Organizaci\u00f3n Mundial de la salud\n(OMS), se\u00f1ala que la talla baja se define como una estatura inferior en m\u00e1s de\ndos desviaciones t\u00edpicas a la mediana de los patrones de crecimiento infantil.<\/p>\n\n\n\n<p>Existen cerca de doscientos tipos de\ntrastornos de talla, siendo la acondroplasia una de las m\u00e1s comunes,\nconsiderado como un trastorno g\u00e9netico del crecimiento de los huesos, que\nocurre en uno de cada 25 mil nacimientos, el 80% de los casos sucede\nespont\u00e1neamente, sin antecedentes familiares; s\u00f3lo el 20 por ciento se hereda.<\/p>\n","protected":false},"excerpt":{"rendered":"<p>Yuridiana Sosa\/Zona Roja. Oaxaca de Ju\u00e1rez, Oax., 4 de febrero de 2020.- Con el fin&hellip;<\/p>\n","protected":false},"author":2,"featured_media":8392,"comment_status":"closed","ping_status":"open","sticky":false,"template":"","format":"standard","meta":{"_lmt_disableupdate":"","_lmt_disable":"","_jetpack_memberships_contains_paid_content":false,"footnotes":""},"categories":[109,47],"tags":[],"class_list":["post-8391","post","type-post","status-publish","format-standard","has-post-thumbnail","hentry","category-minuto-a-minuto","category-zona-gris"],"jetpack_featured_media_url":"https:\/\/zonaroja.com.mx\/wp-content\/uploads\/2020\/02\/Talla-baja-P\u00e1vel-Mel\u00e9ndez.jpg","jetpack_sharing_enabled":true,"_links":{"self":[{"href":"https:\/\/zonaroja.com.mx\/index.php?rest_route=\/wp\/v2\/posts\/8391","targetHints":{"allow":["GET"]}}],"collection":[{"href":"https:\/\/zonaroja.com.mx\/index.php?rest_route=\/wp\/v2\/posts"}],"about":[{"href":"https:\/\/zonaroja.com.mx\/index.php?rest_route=\/wp\/v2\/types\/post"}],"author":[{"embeddable":true,"href":"https:\/\/zonaroja.com.mx\/index.php?rest_route=\/wp\/v2\/users\/2"}],"replies":[{"embeddable":true,"href":"https:\/\/zonaroja.com.mx\/index.php?rest_route=%2Fwp%2Fv2%2Fcomments&post=8391"}],"version-history":[{"count":1,"href":"https:\/\/zonaroja.com.mx\/index.php?rest_route=\/wp\/v2\/posts\/8391\/revisions"}],"predecessor-version":[{"id":8393,"href":"https:\/\/zonaroja.com.mx\/index.php?rest_route=\/wp\/v2\/posts\/8391\/revisions\/8393"}],"wp:featuredmedia":[{"embeddable":true,"href":"https:\/\/zonaroja.com.mx\/index.php?rest_route=\/wp\/v2\/media\/8392"}],"wp:attachment":[{"href":"https:\/\/zonaroja.com.mx\/index.php?rest_route=%2Fwp%2Fv2%2Fmedia&parent=8391"}],"wp:term":[{"taxonomy":"category","embeddable":true,"href":"https:\/\/zonaroja.com.mx\/index.php?rest_route=%2Fwp%2Fv2%2Fcategories&post=8391"},{"taxonomy":"post_tag","embeddable":true,"href":"https:\/\/zonaroja.com.mx\/index.php?rest_route=%2Fwp%2Fv2%2Ftags&post=8391"}],"curies":[{"name":"wp","href":"https:\/\/api.w.org\/{rel}","templated":true}]}}