{"id":83912,"date":"2025-08-25T21:52:14","date_gmt":"2025-08-26T03:52:14","guid":{"rendered":"https:\/\/zonaroja.com.mx\/?p=83912"},"modified":"2025-08-25T21:52:17","modified_gmt":"2025-08-26T03:52:17","slug":"el-mayo-pide-frenar-violencia-en-sinaloa-tras-declararse-culpable-en-eu","status":"publish","type":"post","link":"https:\/\/zonaroja.com.mx\/?p=83912","title":{"rendered":"\u201cEl Mayo\u201d pide frenar violencia en Sinaloa tras declararse culpable en EU"},"content":{"rendered":"\n<p>Redacci\u00f3n\/Zona Roja Cdmx.<\/p>\n\n\n\n<p>Ciudad de M\u00e9xico, a 25 de agosto de 2025.- Luego de la captura y entrega a Estados Unidos de Ismael \u201cEl Mayo\u201d Zambada en Sinaloa, inici\u00f3 una ola de violencia. Hubo secuestros, asesinatos, detenciones, entre otros hechos.&nbsp;<\/p>\n\n\n\n<p>Ahora, tras declararse culpable de dos cargos, quien fuera l\u00edder del C\u00e1rtel de Sinaloa, pide que la violencia en la entidad sea evitada.<\/p>\n\n\n\n<p>\u201cMi cliente tambi\u00e9n es consciente del impacto de este caso en su estado natal, Sinaloa. Hace un llamamiento al pueblo de Sinaloa para que mantenga la calma, ejerza la moderaci\u00f3n y evite la violencia\u201d, es parte de lo compartido por el defensor legal de \u201cEl Mayo\u201d en EEUU, Frank P\u00e9rez.<\/p>\n\n\n\n<p>Zambada, a trav\u00e9s de su abogado, asegura que \u201cnada se gana con el derramamiento de sangre\u201d y pide a la comunidad que busque la paz, pensando en el futuro.<\/p>\n\n\n\n<p>Luego del arresto de Ismael Zambada en Sinaloa, fue reportada una lucha entre facciones del C\u00e1rtel de Sinaloa. Por un lado, la estructura antes lidera por \u201cEl Mayo\u201d y, por otro lado, la facci\u00f3n liderada por los hijos de \u201cEl Chapo\u201d Guzm\u00e1n.<\/p>\n\n\n\n<p>Hasta junio pasado Sinaloa registraba mil 405 personas asesinadas y mil 862 desaparecidas, seg\u00fan datos de la Fiscal\u00eda General del Estado (FGE).&nbsp;<\/p>\n\n\n\n<p>Las autoridades incluso optaron por informa de manera peri\u00f3dica las acciones en la entidad gobernada por Rub\u00e9n Rocha Moya.<\/p>\n\n\n\n<p>A lo largo de los meses han sido registradas agresiones contra integrantes de las fuerzas de seguridad, as\u00ed como la desactivaci\u00f3n de laboratorios clandestinos.<\/p>\n\n\n\n<p>Como se ten\u00eda previsto, \u201cEl Mayo\u201d Zambada se declar\u00f3 culpable de dos cargos en su contra ante las autoridades de Estados Unidos.&nbsp;<\/p>\n\n\n\n<p>Lo anterior es celebrado por la fiscal Pamela Bondi como un evento hist\u00f3rico y considera que el hombre que lider\u00f3 al C\u00e1rtel de Sinaloa morir\u00e1 en prisi\u00f3n.<\/p>\n\n\n\n<p>Si bien el abogado de \u201cEl Mayo\u201d, Frank P\u00e9rez, se\u00f1ala que su cliente se declar\u00f3 culpable, tambi\u00e9n asegura que esto no significa que haya un acuerdo con las autoridades y por lo tanto Ismael Zambada no planea mencionar a pol\u00edticos.<\/p>\n\n\n\n<p>Y es que durante la audiencia del 25 de agosto el propio \u201cMayo\u201d Zambada reconoci\u00f3 que para poder operar tuvo que sobornar polic\u00edas, militares y pol\u00edticos.<\/p>\n\n\n\n<p>Fue al termino de la audiencia que Frank P\u00e9rez comparti\u00f3 un posicionamiento sobre lo sucedido en Brooklyn, Nueva York.&nbsp;<\/p>\n\n\n\n<p>Adem\u00e1s de negar categ\u00f3ricamente que Ismael Zambada tenga un acuerdo con las autoridades pues a decir del abogado, los datos con los que cuenta \u201cEl Mayo\u201d se quedar\u00e1n con el propio capo.<\/p>\n\n\n\n<p>(Informaci\u00f3n de Infobae M\u00e9xico)<\/p>\n","protected":false},"excerpt":{"rendered":"<p>Redacci\u00f3n\/Zona Roja Cdmx. Ciudad de M\u00e9xico, a 25 de agosto de 2025.- Luego de la&hellip;<\/p>\n","protected":false},"author":2,"featured_media":83913,"comment_status":"closed","ping_status":"open","sticky":false,"template":"","format":"standard","meta":{"_lmt_disableupdate":"","_lmt_disable":"","_jetpack_memberships_contains_paid_content":false,"footnotes":""},"categories":[109,47],"tags":[3847],"class_list":["post-83912","post","type-post","status-publish","format-standard","has-post-thumbnail","hentry","category-minuto-a-minuto","category-zona-gris","tag-ismael-el-mayo-zambada"],"jetpack_featured_media_url":"https:\/\/zonaroja.com.mx\/wp-content\/uploads\/2025\/08\/Ismael-Mayo-Zambada.avif","jetpack_sharing_enabled":true,"_links":{"self":[{"href":"https:\/\/zonaroja.com.mx\/index.php?rest_route=\/wp\/v2\/posts\/83912","targetHints":{"allow":["GET"]}}],"collection":[{"href":"https:\/\/zonaroja.com.mx\/index.php?rest_route=\/wp\/v2\/posts"}],"about":[{"href":"https:\/\/zonaroja.com.mx\/index.php?rest_route=\/wp\/v2\/types\/post"}],"author":[{"embeddable":true,"href":"https:\/\/zonaroja.com.mx\/index.php?rest_route=\/wp\/v2\/users\/2"}],"replies":[{"embeddable":true,"href":"https:\/\/zonaroja.com.mx\/index.php?rest_route=%2Fwp%2Fv2%2Fcomments&post=83912"}],"version-history":[{"count":1,"href":"https:\/\/zonaroja.com.mx\/index.php?rest_route=\/wp\/v2\/posts\/83912\/revisions"}],"predecessor-version":[{"id":83914,"href":"https:\/\/zonaroja.com.mx\/index.php?rest_route=\/wp\/v2\/posts\/83912\/revisions\/83914"}],"wp:featuredmedia":[{"embeddable":true,"href":"https:\/\/zonaroja.com.mx\/index.php?rest_route=\/wp\/v2\/media\/83913"}],"wp:attachment":[{"href":"https:\/\/zonaroja.com.mx\/index.php?rest_route=%2Fwp%2Fv2%2Fmedia&parent=83912"}],"wp:term":[{"taxonomy":"category","embeddable":true,"href":"https:\/\/zonaroja.com.mx\/index.php?rest_route=%2Fwp%2Fv2%2Fcategories&post=83912"},{"taxonomy":"post_tag","embeddable":true,"href":"https:\/\/zonaroja.com.mx\/index.php?rest_route=%2Fwp%2Fv2%2Ftags&post=83912"}],"curies":[{"name":"wp","href":"https:\/\/api.w.org\/{rel}","templated":true}]}}