{"id":83915,"date":"2025-08-25T22:08:27","date_gmt":"2025-08-26T04:08:27","guid":{"rendered":"https:\/\/zonaroja.com.mx\/?p=83915"},"modified":"2025-08-25T22:08:29","modified_gmt":"2025-08-26T04:08:29","slug":"en-cateo-en-ixcapa-y-pinotepa-detienen-a-individuo-y-aseguran-droga","status":"publish","type":"post","link":"https:\/\/zonaroja.com.mx\/?p=83915","title":{"rendered":"En Cateo en Ixcapa y Pinotepa, detienen a individuo y aseguran droga"},"content":{"rendered":"\n<p>Redacci\u00f3n\/Zona Roja.&nbsp;<\/p>\n\n\n\n<p>Oaxaca, Oax., a 25 de agosto de 2025.- La Fiscal\u00eda General del Estado de Oaxaca (FGEO), en coordinaci\u00f3n interinstitucional, dio cumplimiento a dos \u00f3rdenes de cateo que se realizaron de manera coordinada en la regi\u00f3n de la Costa, logrando la detenci\u00f3n de una persona del sexo masculino, as\u00ed como el aseguramiento de diversas dosis de drogas y objetos constitutivos del delito.<\/p>\n\n\n\n<p>Estos operativos se llevaron a cabo en estrecha coordinaci\u00f3n entre elementos de la Agencia Estatal de Investigaciones adscrita a la Vicefiscal\u00eda Regional de la Costa, junto con la Secretar\u00eda de la Defensa Nacional (Defensa), Guardia Nacional (GN), Secretar\u00eda de Marina y Polic\u00eda Estatal, acciones que derivan de investigaciones realizadas en torno al delito contra la salud en su modalidad de narcomenudeo.<\/p>\n\n\n\n<p>El primer operativo se efectu\u00f3 en un domicilio ubicado en la calle Josefa Ortiz de Dom\u00ednguez en el municipio de San Sebasti\u00e1n Ixcapa.<\/p>\n\n\n\n<p>El segundo despliegue se realiz\u00f3 en un domicilio ubicado en Santiago Pinotepa Nacional, sitio en el que aseguraron diversas bolsas que conten\u00edan hierba seca con las caracter\u00edsticas a la marihuana y cristal, una b\u00e1scula gramera, un tel\u00e9fono celular y dinero en efectivo, adem\u00e1s de la detenci\u00f3n de una persona identificada como I.H.R., quien fue puesto a disposici\u00f3n de la autoridad correspondiente para determinar su situaci\u00f3n jur\u00eddica.<\/p>\n\n\n\n<p>Las labores de inteligencia que realiza la Fiscal\u00eda de Oaxaca para dar mayor certeza a las investigaciones ministeriales por diversos delitos, permiten fortalecer la estrategia estatal de seguridad p\u00fablica y procuraci\u00f3n de justicia a favor de la ciudadan\u00eda en las diferentes regiones de la entidad.<\/p>\n\n\n\n<p>VINCULADO A PROCESO<\/p>\n\n\n\n<p>En otro caso, la Fiscal\u00eda General obtuvo auto de vinculaci\u00f3n a proceso y prisi\u00f3n preventiva contra una persona del sexo masculino identificada como G.P.S.R., imputado por los delitos de Robo calificado con violencia f\u00edsica y homicidio calificado en grado de tentativa, ocurrido en la regi\u00f3n de los Valles Centrales.<\/p>\n\n\n\n<p>De acuerdo con lo asentado en el expediente penal del caso, los hechos sucedieron el 12 de agosto de 2025, cuando un grupo de pandilleros identificados como \u00abcholos\u00bb, agredi\u00f3 a la v\u00edctima identificada como M.L.P., cuando sal\u00eda de un taller de herrer\u00eda ubicado en la segunda privada de Emiliano Zapata de la colonia Buenos Aires perteneciente al municipio de San Antonio de la Cal.<\/p>\n\n\n\n<p>La investigaci\u00f3n detalla que, esta pandilla intercept\u00f3 a M.L.P., lo amenazaron y golpearon en la cabeza con una botella de vidrio para posteriormente despojarlo de su tel\u00e9fono celular y de una mochila en la cual llevaba dinero en efectivo.<\/p>\n\n\n\n<p>El expediente a\u00f1ade que despu\u00e9s del robo, la v\u00edctima fue atacada con un arma punzocortante (cuchillo), provoc\u00e1ndole lesiones que pusieron en peligro su vida.<\/p>\n\n\n\n<p>Derivado de los hechos, la Fiscal\u00eda de Oaxaca, a trav\u00e9s de la Vicefiscal\u00eda Regional Valles Centrales, inici\u00f3 las investigaciones ministeriales correspondientes que permitieron obtener la orden de aprehensi\u00f3n en contra de G.P.S.R, la cual fue ejecutada por Agentes Estatales de Investigaci\u00f3n (AEI) para luego ser presentado ante la autoridad que lo requiri\u00f3 y con ello, realizar su proceso legal y posteriormente su imputaci\u00f3n.<\/p>\n\n\n\n<p>Una vez que el juez de la causa valor\u00f3 las pruebas aportadas por la FGEO, dict\u00f3 auto de vinculaci\u00f3n a proceso en contra de G.P.S.R., por el delito de robo calificado con violencia f\u00edsica y homicidio calificado en grado de tentativa e impuso la medida cautelar de prisi\u00f3n preventiva justificada, y otorg\u00f3 un plazo de dos meses para el cierre de la investigaci\u00f3n complementaria.<\/p>\n","protected":false},"excerpt":{"rendered":"<p>Redacci\u00f3n\/Zona Roja.&nbsp; Oaxaca, Oax., a 25 de agosto de 2025.- La Fiscal\u00eda General del Estado&hellip;<\/p>\n","protected":false},"author":2,"featured_media":83917,"comment_status":"closed","ping_status":"open","sticky":false,"template":"","format":"standard","meta":{"_lmt_disableupdate":"","_lmt_disable":"","_jetpack_memberships_contains_paid_content":false,"footnotes":""},"categories":[109,46],"tags":[494],"class_list":["post-83915","post","type-post","status-publish","format-standard","has-post-thumbnail","hentry","category-minuto-a-minuto","category-zona-blanca","tag-fiscalia-general-del-estado-de-oaxaca"],"jetpack_featured_media_url":"https:\/\/zonaroja.com.mx\/wp-content\/uploads\/2025\/08\/Cateos-Fiscalia-Ixcapa-y-Pinotepa.jpeg","jetpack_sharing_enabled":true,"_links":{"self":[{"href":"https:\/\/zonaroja.com.mx\/index.php?rest_route=\/wp\/v2\/posts\/83915","targetHints":{"allow":["GET"]}}],"collection":[{"href":"https:\/\/zonaroja.com.mx\/index.php?rest_route=\/wp\/v2\/posts"}],"about":[{"href":"https:\/\/zonaroja.com.mx\/index.php?rest_route=\/wp\/v2\/types\/post"}],"author":[{"embeddable":true,"href":"https:\/\/zonaroja.com.mx\/index.php?rest_route=\/wp\/v2\/users\/2"}],"replies":[{"embeddable":true,"href":"https:\/\/zonaroja.com.mx\/index.php?rest_route=%2Fwp%2Fv2%2Fcomments&post=83915"}],"version-history":[{"count":1,"href":"https:\/\/zonaroja.com.mx\/index.php?rest_route=\/wp\/v2\/posts\/83915\/revisions"}],"predecessor-version":[{"id":83918,"href":"https:\/\/zonaroja.com.mx\/index.php?rest_route=\/wp\/v2\/posts\/83915\/revisions\/83918"}],"wp:featuredmedia":[{"embeddable":true,"href":"https:\/\/zonaroja.com.mx\/index.php?rest_route=\/wp\/v2\/media\/83917"}],"wp:attachment":[{"href":"https:\/\/zonaroja.com.mx\/index.php?rest_route=%2Fwp%2Fv2%2Fmedia&parent=83915"}],"wp:term":[{"taxonomy":"category","embeddable":true,"href":"https:\/\/zonaroja.com.mx\/index.php?rest_route=%2Fwp%2Fv2%2Fcategories&post=83915"},{"taxonomy":"post_tag","embeddable":true,"href":"https:\/\/zonaroja.com.mx\/index.php?rest_route=%2Fwp%2Fv2%2Ftags&post=83915"}],"curies":[{"name":"wp","href":"https:\/\/api.w.org\/{rel}","templated":true}]}}